{"id":15802,"date":"2021-11-09T01:16:14","date_gmt":"2021-11-09T04:16:14","guid":{"rendered":"https:\/\/www.revistarescatados.com.ar\/web\/?p=15802"},"modified":"2021-11-09T01:16:21","modified_gmt":"2021-11-09T04:16:21","slug":"el-mutualismo-escolar-en-romang","status":"publish","type":"post","link":"https:\/\/www.revistarescatados.com.ar\/web\/2021\/11\/09\/el-mutualismo-escolar-en-romang\/","title":{"rendered":"El mutualismo escolar en Romang"},"content":{"rendered":"\n<p><\/p>\n\n\n\n<p><strong><span class=\"has-inline-color has-vivid-red-color\">En la ciudad de Romang, Capital Provincial del Mutualismo Escolar, en la ma\u00f1ana del viernes 29 de octubre, en el primer piso de la casa central de la Mutual de Romang F\u00fatbol Club se desarroll\u00f3 un evento organizado en conjunto entre el Ministerio de Educaci\u00f3n y el Ministerio de Producci\u00f3n, Ciencia y Tecnolog\u00eda de la Provincia de Santa Fe.<\/span><\/strong><\/p>\n\n\n\n<figure class=\"wp-block-image size-full\"><img loading=\"lazy\" width=\"898\" height=\"422\" src=\"https:\/\/www.revistarescatados.com.ar\/web\/wp-content\/uploads\/2021\/11\/Vista-del-publico-asistente.jpeg\" alt=\"\" class=\"wp-image-15804\" srcset=\"https:\/\/www.revistarescatados.com.ar\/web\/wp-content\/uploads\/2021\/11\/Vista-del-publico-asistente.jpeg 898w, https:\/\/www.revistarescatados.com.ar\/web\/wp-content\/uploads\/2021\/11\/Vista-del-publico-asistente-300x141.jpeg 300w, https:\/\/www.revistarescatados.com.ar\/web\/wp-content\/uploads\/2021\/11\/Vista-del-publico-asistente-768x361.jpeg 768w, https:\/\/www.revistarescatados.com.ar\/web\/wp-content\/uploads\/2021\/11\/Vista-del-publico-asistente-520x245.jpeg 520w\" sizes=\"(max-width: 898px) 100vw, 898px\" \/><\/figure>\n\n\n\n<p>Estuvieron presentes las siguientes autoridades: <strong>Lic.<\/strong> <strong>Nah\u00fam Mirad<\/strong> (Miembro del directorio del Instituto Nacional de Asociativismo y Econom\u00eda Social), <strong>Guillermo Tavernier<\/strong> (Director Provincial de Econom\u00eda Social, Emprendedorismo y Agricultura Familiar de la Provincia de Santa Fe), <strong>Lic. Alejandro Juan Russo<\/strong> (Presidente de la Confederaci\u00f3n Argentina de Mutualidades), <strong>H\u00e9ctor Tiburcio Acosta<\/strong> (Miembro del consejo directivo de la\u00a0 misma Confederaci\u00f3n), <strong>Gisela Cristina Carrizo<\/strong> (Coordinadora Provincial de Mutualismo y Cooperativismo Escolar del Ministerio de Educaci\u00f3n de la Provincia de Santa Fe), <strong>Narciso Carrizo<\/strong> (Presidente de la Federaci\u00f3n Santafesina de Entidades Mutualistas Brigadier L\u00f3pez), <strong>Oscar Rosas<\/strong> (Miembro de la comisi\u00f3n directiva de la misma Federaci\u00f3n), <strong>Samuel Sebasti\u00e1n Sager<\/strong> (Presidente del Consejo Deliberante de Romang) y <strong>Alberto Enrique Bieri<\/strong> (Gerente General de la Mutual de Romang F\u00fatbol Club).<\/p>\n\n\n\n<figure class=\"wp-block-image size-large\"><img loading=\"lazy\" width=\"1024\" height=\"484\" src=\"https:\/\/www.revistarescatados.com.ar\/web\/wp-content\/uploads\/2021\/11\/Autoridades-1024x484.jpeg\" alt=\"\" class=\"wp-image-15803\" srcset=\"https:\/\/www.revistarescatados.com.ar\/web\/wp-content\/uploads\/2021\/11\/Autoridades-1024x484.jpeg 1024w, https:\/\/www.revistarescatados.com.ar\/web\/wp-content\/uploads\/2021\/11\/Autoridades-300x142.jpeg 300w, https:\/\/www.revistarescatados.com.ar\/web\/wp-content\/uploads\/2021\/11\/Autoridades-768x363.jpeg 768w, https:\/\/www.revistarescatados.com.ar\/web\/wp-content\/uploads\/2021\/11\/Autoridades-520x245.jpeg 520w, https:\/\/www.revistarescatados.com.ar\/web\/wp-content\/uploads\/2021\/11\/Autoridades-720x340.jpeg 720w, https:\/\/www.revistarescatados.com.ar\/web\/wp-content\/uploads\/2021\/11\/Autoridades.jpeg 1040w\" sizes=\"(max-width: 1024px) 100vw, 1024px\" \/><\/figure>\n\n\n\n<p><strong>(De izq. a der.): Guillermo Tavernier, Alejandro Russo, Nah\u00fam Mirad y Gisela Carrizo.<\/strong><\/p>\n\n\n\n<p>De manera virtual, tambi\u00e9n participaron del acto: <strong>Dr. V\u00edctor Hugo Debloc<\/strong> (Secretario de Educaci\u00f3n de la Provincia de Santa Fe), <strong>Julieta Camino<\/strong> (Fundaci\u00f3n Sancor Seguros) y escuelas de toda la provincia.<\/p>\n\n\n\n<p>Durante el acto, se entregaron reconocimientos a proyectos presentados por alumnos de veintiocho escuelas de la provincia, en el marco de los Objetivos de Desarrollo Sostenibles (ODS) impulsados por la Organizaci\u00f3n de la Naciones Unidas (ONU), que ser\u00e1n financiados por la Direcci\u00f3n de Econom\u00eda Social, Emprendedorismo y Agricultura Familiar.<\/p>\n\n\n\n<figure class=\"wp-block-image size-large\"><img loading=\"lazy\" width=\"1024\" height=\"456\" src=\"https:\/\/www.revistarescatados.com.ar\/web\/wp-content\/uploads\/2021\/11\/Entrega-de-presentes-1024x456.jpeg\" alt=\"\" class=\"wp-image-15805\" srcset=\"https:\/\/www.revistarescatados.com.ar\/web\/wp-content\/uploads\/2021\/11\/Entrega-de-presentes-1024x456.jpeg 1024w, https:\/\/www.revistarescatados.com.ar\/web\/wp-content\/uploads\/2021\/11\/Entrega-de-presentes-300x134.jpeg 300w, https:\/\/www.revistarescatados.com.ar\/web\/wp-content\/uploads\/2021\/11\/Entrega-de-presentes-768x342.jpeg 768w, https:\/\/www.revistarescatados.com.ar\/web\/wp-content\/uploads\/2021\/11\/Entrega-de-presentes.jpeg 1517w\" sizes=\"(max-width: 1024px) 100vw, 1024px\" \/><\/figure>\n\n\n\n<p><strong>Entrega de presentes de la Mutual Romang a las autoridades.<\/strong><\/p>\n\n\n\n<p>Tambi\u00e9n entregaron diplomas a representantes de mutuales y cooperativas de diversas localidades que han realizado un curso de capacitaci\u00f3n como promotores que en los meses venideros se acercar\u00e1n a nuevas escuelas de la regi\u00f3n con el objetivo de capacitar, entregar material e invitarlas a sumarse al mutualismo escolar.<\/p>\n\n\n\n<p>Por otra parte, la coordinadora Provincial de Mutualismo EscolarGisela Carrizo, entreg\u00f3 la personer\u00eda escolar N\u00ba 131\/21 a la reci\u00e9n constituida Mutual Escolar \u201cPro Juventud\u201d de la Escuela de Educaci\u00f3n T\u00e9cnica Profesional Secundaria Orientada N\u00ba 662 \u201cJuan Bautista Cabral\u201d de la localidad de Villa Guillermina, del departamento General Obligado y a otras cuatro cooperativas escolares.<\/p>\n\n\n\n<p>En otro tramo del acto, se entreg\u00f3 un reconocimiento a H\u00e9ctor Enrique Soneyro por permanente apoyo al mutualismo escolar en la regi\u00f3n norte de la provincia de Santa Fe.<\/p>\n","protected":false},"excerpt":{"rendered":"<p>En la ciudad de Romang, Capital Provincial del Mutualismo Escolar, en la ma\u00f1ana del viernes 29 de octubre, en el primer piso de la casa central de la Mutual de Romang F\u00fatbol&#46;&#46;&#46;<\/p>\n","protected":false},"author":1,"featured_media":15805,"comment_status":"closed","ping_status":"closed","sticky":false,"template":"","format":"standard","meta":[],"categories":[5,16,15,10,8],"tags":[],"_links":{"self":[{"href":"https:\/\/www.revistarescatados.com.ar\/web\/wp-json\/wp\/v2\/posts\/15802"}],"collection":[{"href":"https:\/\/www.revistarescatados.com.ar\/web\/wp-json\/wp\/v2\/posts"}],"about":[{"href":"https:\/\/www.revistarescatados.com.ar\/web\/wp-json\/wp\/v2\/types\/post"}],"author":[{"embeddable":true,"href":"https:\/\/www.revistarescatados.com.ar\/web\/wp-json\/wp\/v2\/users\/1"}],"replies":[{"embeddable":true,"href":"https:\/\/www.revistarescatados.com.ar\/web\/wp-json\/wp\/v2\/comments?post=15802"}],"version-history":[{"count":1,"href":"https:\/\/www.revistarescatados.com.ar\/web\/wp-json\/wp\/v2\/posts\/15802\/revisions"}],"predecessor-version":[{"id":15806,"href":"https:\/\/www.revistarescatados.com.ar\/web\/wp-json\/wp\/v2\/posts\/15802\/revisions\/15806"}],"wp:featuredmedia":[{"embeddable":true,"href":"https:\/\/www.revistarescatados.com.ar\/web\/wp-json\/wp\/v2\/media\/15805"}],"wp:attachment":[{"href":"https:\/\/www.revistarescatados.com.ar\/web\/wp-json\/wp\/v2\/media?parent=15802"}],"wp:term":[{"taxonomy":"category","embeddable":true,"href":"https:\/\/www.revistarescatados.com.ar\/web\/wp-json\/wp\/v2\/categories?post=15802"},{"taxonomy":"post_tag","embeddable":true,"href":"https:\/\/www.revistarescatados.com.ar\/web\/wp-json\/wp\/v2\/tags?post=15802"}],"curies":[{"name":"wp","href":"https:\/\/api.w.org\/{rel}","templated":true}]}}