{"id":15843,"date":"2021-11-12T02:47:53","date_gmt":"2021-11-12T05:47:53","guid":{"rendered":"https:\/\/www.revistarescatados.com.ar\/web\/?p=15843"},"modified":"2021-11-12T02:48:00","modified_gmt":"2021-11-12T05:48:00","slug":"1a-feria-solidaria-juntos-podemos-mas-en-el-geriatrico-de-calchaqui","status":"publish","type":"post","link":"https:\/\/www.revistarescatados.com.ar\/web\/2021\/11\/12\/1a-feria-solidaria-juntos-podemos-mas-en-el-geriatrico-de-calchaqui\/","title":{"rendered":"1\u00aa Feria Solidaria \u201cJuntos podemos m\u00e1s\u201d en el geri\u00e1trico de Calchaqu\u00ed"},"content":{"rendered":"\n<p><strong><span class=\"has-inline-color has-vivid-red-color\">La jornada se realizar\u00e1 el pr\u00f3ximo viernes 19 de noviembre por la ma\u00f1ana y tarde. Frente al hogar de ancianos se expondr\u00e1n manualidades realizadas por los abuelos en los talleres, pudi\u00e9ndose  intercambiar por art\u00edculos de librer\u00eda para continuar trabajando en estos espacios recreativos<\/span><\/strong>.<\/p>\n\n\n\n<figure class=\"wp-block-image size-large\"><img loading=\"lazy\" width=\"1024\" height=\"683\" src=\"https:\/\/www.revistarescatados.com.ar\/web\/wp-content\/uploads\/2021\/11\/geriatrico-1024x683.jpg\" alt=\"\" class=\"wp-image-15844\" srcset=\"https:\/\/www.revistarescatados.com.ar\/web\/wp-content\/uploads\/2021\/11\/geriatrico-1024x683.jpg 1024w, https:\/\/www.revistarescatados.com.ar\/web\/wp-content\/uploads\/2021\/11\/geriatrico-300x200.jpg 300w, https:\/\/www.revistarescatados.com.ar\/web\/wp-content\/uploads\/2021\/11\/geriatrico-768x512.jpg 768w, https:\/\/www.revistarescatados.com.ar\/web\/wp-content\/uploads\/2021\/11\/geriatrico.jpg 1383w\" sizes=\"(max-width: 1024px) 100vw, 1024px\" \/><\/figure>\n\n\n\n<p>La primera feria organizada por la comisi\u00f3n del hogar San Antonio de Padua consiste en un intercambio de objetos. Las personas adultas mayores de la instituci\u00f3n entregar\u00e1n manualidades realizadas en distintos espacios y talleres; a cambio de un elemento de librer\u00eda que  permita continuar trabajando, y solventando los gastos de los mismos.<\/p>\n\n\n\n<p>Durante la jornada del <strong>viernes 19\/11, en distintos horarios por la ma\u00f1ana 9 a 11hs y tarde 17 a 18.30hs<\/strong>, los trabajos se encontrar\u00e1n expuestos en el frente del Hogar, junto a la presencia de los adultos mayores; all\u00ed cada vecino podr\u00e1 acercarse a conocer los trabajos y retirar una manualidad y dejar en forma de intercambio un elemento de librer\u00eda, para lo que se ofrece la siguiente lista de opciones:<\/p>\n\n\n\n<ul><li>Afiches<\/li><li>Cartulinas<\/li><li>Papeles de colores<\/li><li>Acr\u00edlicos<\/li><li>Cinta de papel<\/li><li>Pegamiento: plasticola, silicona l\u00edquida.<\/li><li>Lentejuelas, hilos, lanas<\/li><li>L\u00e1pices, fibras, pinceles.<\/li><\/ul>\n","protected":false},"excerpt":{"rendered":"<p>La jornada se realizar\u00e1 el pr\u00f3ximo viernes 19 de noviembre por la ma\u00f1ana y tarde. Frente al hogar de ancianos se expondr\u00e1n manualidades realizadas por los abuelos en los talleres, pudi\u00e9ndose intercambiar&#46;&#46;&#46;<\/p>\n","protected":false},"author":1,"featured_media":15844,"comment_status":"closed","ping_status":"closed","sticky":false,"template":"","format":"standard","meta":[],"categories":[2,7,3,16,8],"tags":[],"_links":{"self":[{"href":"https:\/\/www.revistarescatados.com.ar\/web\/wp-json\/wp\/v2\/posts\/15843"}],"collection":[{"href":"https:\/\/www.revistarescatados.com.ar\/web\/wp-json\/wp\/v2\/posts"}],"about":[{"href":"https:\/\/www.revistarescatados.com.ar\/web\/wp-json\/wp\/v2\/types\/post"}],"author":[{"embeddable":true,"href":"https:\/\/www.revistarescatados.com.ar\/web\/wp-json\/wp\/v2\/users\/1"}],"replies":[{"embeddable":true,"href":"https:\/\/www.revistarescatados.com.ar\/web\/wp-json\/wp\/v2\/comments?post=15843"}],"version-history":[{"count":1,"href":"https:\/\/www.revistarescatados.com.ar\/web\/wp-json\/wp\/v2\/posts\/15843\/revisions"}],"predecessor-version":[{"id":15845,"href":"https:\/\/www.revistarescatados.com.ar\/web\/wp-json\/wp\/v2\/posts\/15843\/revisions\/15845"}],"wp:featuredmedia":[{"embeddable":true,"href":"https:\/\/www.revistarescatados.com.ar\/web\/wp-json\/wp\/v2\/media\/15844"}],"wp:attachment":[{"href":"https:\/\/www.revistarescatados.com.ar\/web\/wp-json\/wp\/v2\/media?parent=15843"}],"wp:term":[{"taxonomy":"category","embeddable":true,"href":"https:\/\/www.revistarescatados.com.ar\/web\/wp-json\/wp\/v2\/categories?post=15843"},{"taxonomy":"post_tag","embeddable":true,"href":"https:\/\/www.revistarescatados.com.ar\/web\/wp-json\/wp\/v2\/tags?post=15843"}],"curies":[{"name":"wp","href":"https:\/\/api.w.org\/{rel}","templated":true}]}}