{"id":15942,"date":"2021-11-23T23:49:28","date_gmt":"2021-11-24T02:49:28","guid":{"rendered":"https:\/\/www.revistarescatados.com.ar\/web\/?p=15942"},"modified":"2021-11-23T23:49:34","modified_gmt":"2021-11-24T02:49:34","slug":"se-acreditaron-los-fondos-de-la-tarjeta-unica-de-ciudadania-2","status":"publish","type":"post","link":"https:\/\/www.revistarescatados.com.ar\/web\/2021\/11\/23\/se-acreditaron-los-fondos-de-la-tarjeta-unica-de-ciudadania-2\/","title":{"rendered":"Se acreditaron  los fondos de la Tarjeta \u00danica de Ciudadan\u00eda"},"content":{"rendered":"\n<p><\/p>\n\n\n\n<p><strong><span class=\"has-inline-color has-vivid-red-color\">El Ministerio de Desarrollo Social inform\u00f3 que los aportes corresponden al mes de noviembre.<\/span>  <span class=\"has-inline-color has-vivid-red-color\">El lunes 29 de noviembre se pagar\u00e1n a beneficiarios de Ley 5110 y pensiones sociales.<\/span><\/strong><\/p>\n\n\n\n<figure class=\"wp-block-image size-large\"><img loading=\"lazy\" width=\"1024\" height=\"576\" src=\"http:\/\/www.revistarescatados.com.ar\/web\/wp-content\/uploads\/2021\/03\/Ley-5110-1024x576.png\" alt=\"\" class=\"wp-image-13287\" srcset=\"https:\/\/www.revistarescatados.com.ar\/web\/wp-content\/uploads\/2021\/03\/Ley-5110-1024x576.png 1024w, https:\/\/www.revistarescatados.com.ar\/web\/wp-content\/uploads\/2021\/03\/Ley-5110-300x169.png 300w, https:\/\/www.revistarescatados.com.ar\/web\/wp-content\/uploads\/2021\/03\/Ley-5110-768x432.png 768w, https:\/\/www.revistarescatados.com.ar\/web\/wp-content\/uploads\/2021\/03\/Ley-5110-1536x864.png 1536w, https:\/\/www.revistarescatados.com.ar\/web\/wp-content\/uploads\/2021\/03\/Ley-5110.png 1920w\" sizes=\"(max-width: 1024px) 100vw, 1024px\" \/><\/figure>\n\n\n\n<p>El Ministerio de Desarrollo Social, inform\u00f3 que a partir de hoy, estar\u00e1n acreditados los fondos de la Tarjeta \u00danica de Ciudadan\u00eda correspondientes al mes de noviembre.<br>Adem\u00e1s, recuerda que a partir del mes de octubre, se actualizaron los montos percibidos por todos los beneficiarios.<\/p>\n\n\n\n<p>De este modo, las personas que recib\u00edan $ 300 pasaron a una acreditaci\u00f3n de $ 1.000; los beneficiarios del componente cel\u00edacos con cobertura de obra social, reciben $ 1.000 y los beneficiarios que convivan en su grupo familiar con ni\u00f1os de hasta 12 a\u00f1os de edad, y\/o personas mayores a partir de los 65 a\u00f1os de edad, $ 1.500.<\/p>\n\n\n\n<p>Tambi\u00e9n estar\u00e1n acreditados los fondos correspondientes al Componente Cel\u00edacos de la Tarjeta \u00danica de Ciudadan\u00eda de noviembre. Todos los beneficiarios con celiaqu\u00eda, que no cuentan con cobertura de obra social, percibir\u00e1n una acreditaci\u00f3n de $ 3.000.<\/p>\n\n\n\n<p><strong><span class=\"has-inline-color has-vivid-red-color\">PENSIONES PROVNCIALES<\/span><\/strong><\/p>\n\n\n\n<p>El Ministerio de Econom\u00eda de la provincia dio a conocer la fecha de pagos de las pensiones sociales, Ley 5110, expresos por razones pol\u00edticas (Ley N\u00b0 13.298), madres de v\u00edctimas del terrorismo de Estado (Ley 13.330), y excombatientes de Malvinas, correspondientes al mes de noviembre.<\/p>\n\n\n\n<p>Los mismos se efectuar\u00e1n el lunes 29 de noviembre de 2021.<\/p>\n","protected":false},"excerpt":{"rendered":"<p>El Ministerio de Desarrollo Social inform\u00f3 que los aportes corresponden al mes de noviembre. El lunes 29 de noviembre se pagar\u00e1n a beneficiarios de Ley 5110 y pensiones sociales. El Ministerio de&#46;&#46;&#46;<\/p>\n","protected":false},"author":1,"featured_media":13287,"comment_status":"closed","ping_status":"closed","sticky":false,"template":"","format":"standard","meta":[],"categories":[16,12,8],"tags":[],"_links":{"self":[{"href":"https:\/\/www.revistarescatados.com.ar\/web\/wp-json\/wp\/v2\/posts\/15942"}],"collection":[{"href":"https:\/\/www.revistarescatados.com.ar\/web\/wp-json\/wp\/v2\/posts"}],"about":[{"href":"https:\/\/www.revistarescatados.com.ar\/web\/wp-json\/wp\/v2\/types\/post"}],"author":[{"embeddable":true,"href":"https:\/\/www.revistarescatados.com.ar\/web\/wp-json\/wp\/v2\/users\/1"}],"replies":[{"embeddable":true,"href":"https:\/\/www.revistarescatados.com.ar\/web\/wp-json\/wp\/v2\/comments?post=15942"}],"version-history":[{"count":1,"href":"https:\/\/www.revistarescatados.com.ar\/web\/wp-json\/wp\/v2\/posts\/15942\/revisions"}],"predecessor-version":[{"id":15943,"href":"https:\/\/www.revistarescatados.com.ar\/web\/wp-json\/wp\/v2\/posts\/15942\/revisions\/15943"}],"wp:featuredmedia":[{"embeddable":true,"href":"https:\/\/www.revistarescatados.com.ar\/web\/wp-json\/wp\/v2\/media\/13287"}],"wp:attachment":[{"href":"https:\/\/www.revistarescatados.com.ar\/web\/wp-json\/wp\/v2\/media?parent=15942"}],"wp:term":[{"taxonomy":"category","embeddable":true,"href":"https:\/\/www.revistarescatados.com.ar\/web\/wp-json\/wp\/v2\/categories?post=15942"},{"taxonomy":"post_tag","embeddable":true,"href":"https:\/\/www.revistarescatados.com.ar\/web\/wp-json\/wp\/v2\/tags?post=15942"}],"curies":[{"name":"wp","href":"https:\/\/api.w.org\/{rel}","templated":true}]}}