{"id":15954,"date":"2021-11-24T23:47:27","date_gmt":"2021-11-25T02:47:27","guid":{"rendered":"https:\/\/www.revistarescatados.com.ar\/web\/?p=15954"},"modified":"2021-11-24T23:47:34","modified_gmt":"2021-11-25T02:47:34","slug":"piden-no-reenviar-audios-virales-sobre-secuestros-de-menores","status":"publish","type":"post","link":"https:\/\/www.revistarescatados.com.ar\/web\/2021\/11\/24\/piden-no-reenviar-audios-virales-sobre-secuestros-de-menores\/","title":{"rendered":"Piden no reenviar audios virales sobre secuestros de menores"},"content":{"rendered":"\n<p><br><strong><span class=\"has-inline-color has-vivid-red-color\">La Polic\u00eda de Santa Fe y el Ministerio de Seguridad confirmaron que los audios de WhatsApp son falsos. Sin embargo, las redes sociales han generado p\u00e1nico en vecinos de Calchaqu\u00ed, que tambi\u00e9n comparten historias temporales en los perfiles sobre autos negros parados en las esquinas y supuestos ni\u00f1os extraviados.<\/span><\/strong><\/p>\n\n\n\n<figure class=\"wp-block-image size-full\"><img loading=\"lazy\" width=\"650\" height=\"450\" src=\"https:\/\/www.revistarescatados.com.ar\/web\/wp-content\/uploads\/2021\/11\/viral.jpg\" alt=\"\" class=\"wp-image-15955\" srcset=\"https:\/\/www.revistarescatados.com.ar\/web\/wp-content\/uploads\/2021\/11\/viral.jpg 650w, https:\/\/www.revistarescatados.com.ar\/web\/wp-content\/uploads\/2021\/11\/viral-300x208.jpg 300w\" sizes=\"(max-width: 650px) 100vw, 650px\" \/><\/figure>\n\n\n\n<p>Varios audios de WhatsApp se viralizaron este mi\u00e9rcoles en los cuales se hacen menci\u00f3n a intentos de secuestro de menores de edad.<\/p>\n\n\n\n<p>Desde el Ministerio de Seguridad y la Polic\u00eda de Santa Fe confirmaron que no existen denuncias realizadas por los casos atribuidos en los audios difundidos.<\/p>\n\n\n\n<p>En varios de ellos se describen hechos que van desde intentos de secuestros en jardines maternales y establecimientos educativos, hasta el llanto de una madre que pide ayuda para encontrar a su hijo. Tambi\u00e9n se indica la participaci\u00f3n de un autom\u00f3vil y una Trafic blanca.<\/p>\n\n\n\n<p>Desde el Ministerio de Seguridad, negaron que estos hechos sean reales, actuales y que refieran a la ciudad de Santa Fe. Dada la viralizaci\u00f3n de los audios, se pide que no sean compartidos ni reenviados para no generar p\u00e1nico sobre situaciones falsas.<\/p>\n","protected":false},"excerpt":{"rendered":"<p>La Polic\u00eda de Santa Fe y el Ministerio de Seguridad confirmaron que los audios de WhatsApp son falsos. Sin embargo, las redes sociales han generado p\u00e1nico en vecinos de Calchaqu\u00ed, que tambi\u00e9n&#46;&#46;&#46;<\/p>\n","protected":false},"author":1,"featured_media":15955,"comment_status":"closed","ping_status":"closed","sticky":false,"template":"","format":"standard","meta":[],"categories":[2,16,12,8],"tags":[],"_links":{"self":[{"href":"https:\/\/www.revistarescatados.com.ar\/web\/wp-json\/wp\/v2\/posts\/15954"}],"collection":[{"href":"https:\/\/www.revistarescatados.com.ar\/web\/wp-json\/wp\/v2\/posts"}],"about":[{"href":"https:\/\/www.revistarescatados.com.ar\/web\/wp-json\/wp\/v2\/types\/post"}],"author":[{"embeddable":true,"href":"https:\/\/www.revistarescatados.com.ar\/web\/wp-json\/wp\/v2\/users\/1"}],"replies":[{"embeddable":true,"href":"https:\/\/www.revistarescatados.com.ar\/web\/wp-json\/wp\/v2\/comments?post=15954"}],"version-history":[{"count":1,"href":"https:\/\/www.revistarescatados.com.ar\/web\/wp-json\/wp\/v2\/posts\/15954\/revisions"}],"predecessor-version":[{"id":15956,"href":"https:\/\/www.revistarescatados.com.ar\/web\/wp-json\/wp\/v2\/posts\/15954\/revisions\/15956"}],"wp:featuredmedia":[{"embeddable":true,"href":"https:\/\/www.revistarescatados.com.ar\/web\/wp-json\/wp\/v2\/media\/15955"}],"wp:attachment":[{"href":"https:\/\/www.revistarescatados.com.ar\/web\/wp-json\/wp\/v2\/media?parent=15954"}],"wp:term":[{"taxonomy":"category","embeddable":true,"href":"https:\/\/www.revistarescatados.com.ar\/web\/wp-json\/wp\/v2\/categories?post=15954"},{"taxonomy":"post_tag","embeddable":true,"href":"https:\/\/www.revistarescatados.com.ar\/web\/wp-json\/wp\/v2\/tags?post=15954"}],"curies":[{"name":"wp","href":"https:\/\/api.w.org\/{rel}","templated":true}]}}