{"id":16066,"date":"2021-12-14T02:07:20","date_gmt":"2021-12-14T05:07:20","guid":{"rendered":"https:\/\/www.revistarescatados.com.ar\/web\/?p=16066"},"modified":"2021-12-14T02:07:25","modified_gmt":"2021-12-14T05:07:25","slug":"esclarecen-el-hurto-de-una-moto-en-calchaqui","status":"publish","type":"post","link":"https:\/\/www.revistarescatados.com.ar\/web\/2021\/12\/14\/esclarecen-el-hurto-de-una-moto-en-calchaqui\/","title":{"rendered":"Esclarecen el hurto de una moto en Calchaqu\u00ed"},"content":{"rendered":"\n<p><strong><span class=\"has-inline-color has-vivid-red-color\">El rodado hurtado a una mujer fue hallado por la polic\u00eda en una cuneta entre pastizales en la ruta 38. Se investiga la autor\u00eda del delito.<\/span><\/strong><\/p>\n\n\n\n<figure class=\"wp-block-image size-large\"><img loading=\"lazy\" width=\"1024\" height=\"485\" src=\"https:\/\/www.revistarescatados.com.ar\/web\/wp-content\/uploads\/2021\/12\/MOTO-RECUPERADA-1024x485.jpg\" alt=\"\" class=\"wp-image-16067\" srcset=\"https:\/\/www.revistarescatados.com.ar\/web\/wp-content\/uploads\/2021\/12\/MOTO-RECUPERADA-1024x485.jpg 1024w, https:\/\/www.revistarescatados.com.ar\/web\/wp-content\/uploads\/2021\/12\/MOTO-RECUPERADA-300x142.jpg 300w, https:\/\/www.revistarescatados.com.ar\/web\/wp-content\/uploads\/2021\/12\/MOTO-RECUPERADA-768x364.jpg 768w, https:\/\/www.revistarescatados.com.ar\/web\/wp-content\/uploads\/2021\/12\/MOTO-RECUPERADA-520x245.jpg 520w, https:\/\/www.revistarescatados.com.ar\/web\/wp-content\/uploads\/2021\/12\/MOTO-RECUPERADA-720x340.jpg 720w, https:\/\/www.revistarescatados.com.ar\/web\/wp-content\/uploads\/2021\/12\/MOTO-RECUPERADA.jpg 1032w\" sizes=\"(max-width: 1024px) 100vw, 1024px\" \/><\/figure>\n\n\n\n<p>Personal Policial de la Comisaria 2da de Calchaqu\u00ed, el domingo 12 de diciembre siendo las 08 horas de patrullajes efectuados en prevenci\u00f3n de il\u00edcitos y\/o contravenciones, observan en inmediaciones de calle 9 de Julio e intersecci\u00f3n ruta Provincial N\u00ba 38 una moto, en el sector de cuneta entre pastizales.<\/p>\n\n\n\n<p> Proceden al secuestro preventivo siendo una YAMAHA CRYTON, 110 CC, MODELO 2005, COLOR ROJA.  Asimismo se establece que el moto veh\u00edculo fue denunciado como sustra\u00eddo por una mujer, domiciliada en ese medio quien reconoci\u00f3 el birrodado como de su propiedad presentando documentaci\u00f3n que acredita propiedad a quien se procede a su entrega. <\/p>\n\n\n\n<p>Se prosigue con diligencias para dar con el\/os autor\/es del presente hecho que se investiga. Interviene UFI Nro 4- Vera.<\/p>\n","protected":false},"excerpt":{"rendered":"<p>El rodado hurtado a una mujer fue hallado por la polic\u00eda en una cuneta entre pastizales en la ruta 38. Se investiga la autor\u00eda del delito. Personal Policial de la Comisaria 2da&#46;&#46;&#46;<\/p>\n","protected":false},"author":1,"featured_media":16067,"comment_status":"closed","ping_status":"closed","sticky":false,"template":"","format":"standard","meta":[],"categories":[2,3,16,11],"tags":[],"_links":{"self":[{"href":"https:\/\/www.revistarescatados.com.ar\/web\/wp-json\/wp\/v2\/posts\/16066"}],"collection":[{"href":"https:\/\/www.revistarescatados.com.ar\/web\/wp-json\/wp\/v2\/posts"}],"about":[{"href":"https:\/\/www.revistarescatados.com.ar\/web\/wp-json\/wp\/v2\/types\/post"}],"author":[{"embeddable":true,"href":"https:\/\/www.revistarescatados.com.ar\/web\/wp-json\/wp\/v2\/users\/1"}],"replies":[{"embeddable":true,"href":"https:\/\/www.revistarescatados.com.ar\/web\/wp-json\/wp\/v2\/comments?post=16066"}],"version-history":[{"count":1,"href":"https:\/\/www.revistarescatados.com.ar\/web\/wp-json\/wp\/v2\/posts\/16066\/revisions"}],"predecessor-version":[{"id":16068,"href":"https:\/\/www.revistarescatados.com.ar\/web\/wp-json\/wp\/v2\/posts\/16066\/revisions\/16068"}],"wp:featuredmedia":[{"embeddable":true,"href":"https:\/\/www.revistarescatados.com.ar\/web\/wp-json\/wp\/v2\/media\/16067"}],"wp:attachment":[{"href":"https:\/\/www.revistarescatados.com.ar\/web\/wp-json\/wp\/v2\/media?parent=16066"}],"wp:term":[{"taxonomy":"category","embeddable":true,"href":"https:\/\/www.revistarescatados.com.ar\/web\/wp-json\/wp\/v2\/categories?post=16066"},{"taxonomy":"post_tag","embeddable":true,"href":"https:\/\/www.revistarescatados.com.ar\/web\/wp-json\/wp\/v2\/tags?post=16066"}],"curies":[{"name":"wp","href":"https:\/\/api.w.org\/{rel}","templated":true}]}}