{"id":16101,"date":"2021-12-15T20:42:47","date_gmt":"2021-12-15T23:42:47","guid":{"rendered":"https:\/\/www.revistarescatados.com.ar\/web\/?p=16101"},"modified":"2021-12-15T20:43:36","modified_gmt":"2021-12-15T23:43:36","slug":"por-abigeato-secuestran-un-auto-y-otros-elementos-en-calchaqui","status":"publish","type":"post","link":"https:\/\/www.revistarescatados.com.ar\/web\/2021\/12\/15\/por-abigeato-secuestran-un-auto-y-otros-elementos-en-calchaqui\/","title":{"rendered":"Por abigeato, secuestran un auto y otros elementos en Calchaqu\u00ed (Fotos)"},"content":{"rendered":"\n<p><\/p>\n\n\n\n<p><strong><span class=\"has-inline-color has-vivid-red-color\">Una productora ganadera denunci\u00f3 el faenamiento de una ternera de 200 kilos en un campo cercano a la ciudad. Dos hombres quedaron implicados por abigeato y encubrimiento, aunque ya recuperaron su estado de libertad.<\/span><\/strong><\/p>\n\n\n\n<figure class=\"wp-block-image size-large\"><img loading=\"lazy\" width=\"1024\" height=\"768\" src=\"https:\/\/www.revistarescatados.com.ar\/web\/wp-content\/uploads\/2021\/12\/Los-Pumas-1024x768.jpg\" alt=\"\" class=\"wp-image-16102\" srcset=\"https:\/\/www.revistarescatados.com.ar\/web\/wp-content\/uploads\/2021\/12\/Los-Pumas-1024x768.jpg 1024w, https:\/\/www.revistarescatados.com.ar\/web\/wp-content\/uploads\/2021\/12\/Los-Pumas-300x225.jpg 300w, https:\/\/www.revistarescatados.com.ar\/web\/wp-content\/uploads\/2021\/12\/Los-Pumas-768x576.jpg 768w, https:\/\/www.revistarescatados.com.ar\/web\/wp-content\/uploads\/2021\/12\/Los-Pumas.jpg 1280w\" sizes=\"(max-width: 1024px) 100vw, 1024px\" \/><\/figure>\n\n\n\n<p>Los efectivos policiales de la guardia rural \u201cLos Pumas\u201d de la secci\u00f3n n\u00famero siete con asiento en la ciudad de Calchaqu\u00ed, a cargo del subcomisario Rodrigo Fiant, recibi\u00f3 una denuncia en la ma\u00f1ana del martes 14 de diciembre de 2021, por parte de la empresaria ganadera Roxana Gabriela Suligoy, quien manifest\u00f3 que cuando lleg\u00f3 al campo de su propiedad, ubicado a unos 14 kil\u00f3metros de la zona urbana de dicha ciudad,&nbsp; descubri\u00f3 que alguien le faen\u00f3 una ternera&nbsp; de pelaje negra de aproximadamente 200 kg, quedando en el lugar viseras y la cabeza&nbsp; la cual presentaba orificio&nbsp; producto de disparo de arma de fuego.<\/p>\n\n\n\n<figure class=\"wp-block-image size-large\"><img loading=\"lazy\" width=\"768\" height=\"1024\" src=\"https:\/\/www.revistarescatados.com.ar\/web\/wp-content\/uploads\/2021\/12\/Los-Pumas-3-vaca-768x1024.jpg\" alt=\"\" class=\"wp-image-16105\" srcset=\"https:\/\/www.revistarescatados.com.ar\/web\/wp-content\/uploads\/2021\/12\/Los-Pumas-3-vaca-768x1024.jpg 768w, https:\/\/www.revistarescatados.com.ar\/web\/wp-content\/uploads\/2021\/12\/Los-Pumas-3-vaca-225x300.jpg 225w, https:\/\/www.revistarescatados.com.ar\/web\/wp-content\/uploads\/2021\/12\/Los-Pumas-3-vaca.jpg 960w\" sizes=\"(max-width: 768px) 100vw, 768px\" \/><\/figure>\n\n\n\n<p>En base a ello, el jefe policial a cargo de la secci\u00f3n orden\u00f3 urgentes diligencias investigativas, as\u00ed fue que con las pruebas suficientes en poder los sabuesos, se presentaron en el domicilio de&nbsp; Micaela Machuca, quien autoriz\u00f3 al&nbsp; personal policial&nbsp; a&nbsp; realizar requisa domiciliaria, donde se secuestr\u00f3 de 30 kg de producto c\u00e1rnico vacuno manifestando esta que momentos antes su hermano Ren\u00e9 Rodr\u00edguez&nbsp; se hizo presente en su domicilio y le pidi\u00f3 que le aguantara dos bolsas con carne porque la polic\u00eda lo estaba persiguiendo y que la trajo de la casa de su cu\u00f1ado \u00c1lvarez.<\/p>\n\n\n\n<figure class=\"wp-block-image size-large\"><img loading=\"lazy\" width=\"768\" height=\"1024\" src=\"http:\/\/www.revistarescatados.com.ar\/web\/wp-content\/uploads\/2021\/12\/Los-Pumas-2-carne-768x1024.jpg\" alt=\"\" class=\"wp-image-16103\" srcset=\"https:\/\/www.revistarescatados.com.ar\/web\/wp-content\/uploads\/2021\/12\/Los-Pumas-2-carne-768x1024.jpg 768w, https:\/\/www.revistarescatados.com.ar\/web\/wp-content\/uploads\/2021\/12\/Los-Pumas-2-carne-225x300.jpg 225w, https:\/\/www.revistarescatados.com.ar\/web\/wp-content\/uploads\/2021\/12\/Los-Pumas-2-carne.jpg 960w\" sizes=\"(max-width: 768px) 100vw, 768px\" \/><\/figure>\n\n\n\n<p>El oficial a cargo del procedimiento se comunica e informa de todo lo sucedido al fiscal de turno, doctor Leandro Benegas quien ordena la aprehensi\u00f3n de Rodr\u00edguez y el allanamiento en el domicilio y aprehensi\u00f3n de \u00c1lvarez.<\/p>\n\n\n\n<p>Adem\u00e1s el agente p\u00fablico fiscal dispuso que se lo notifique de la causa de ABIGEATO a \u00c1lvarez&nbsp; y de ENCUBRIMIENTO a Rodr\u00edguez&nbsp; y que una vez finiquitado actuados recuperen su estado de libertad.<\/p>\n\n\n\n<figure class=\"wp-block-image size-large\"><img loading=\"lazy\" width=\"1024\" height=\"768\" src=\"https:\/\/www.revistarescatados.com.ar\/web\/wp-content\/uploads\/2021\/12\/Los-Pumas-1-auto-secuestrado-1024x768.jpg\" alt=\"\" class=\"wp-image-16104\" srcset=\"https:\/\/www.revistarescatados.com.ar\/web\/wp-content\/uploads\/2021\/12\/Los-Pumas-1-auto-secuestrado-1024x768.jpg 1024w, https:\/\/www.revistarescatados.com.ar\/web\/wp-content\/uploads\/2021\/12\/Los-Pumas-1-auto-secuestrado-300x225.jpg 300w, https:\/\/www.revistarescatados.com.ar\/web\/wp-content\/uploads\/2021\/12\/Los-Pumas-1-auto-secuestrado-768x576.jpg 768w, https:\/\/www.revistarescatados.com.ar\/web\/wp-content\/uploads\/2021\/12\/Los-Pumas-1-auto-secuestrado.jpg 1280w\" sizes=\"(max-width: 1024px) 100vw, 1024px\" \/><\/figure>\n\n\n\n<p><strong>ELEMENTOS SECUESTRADOS<\/strong><\/p>\n\n\n\n<p>Por el hecho se secuestraron:<\/p>\n\n\n\n<ul><li>Siete cuchillos distintas medidas.<\/li><li>Un arco de sierra con restos de productos carnicos<\/li><li>Dos moledora de carne manual.<\/li><li>Tres cartuchos calibre 16 recargado con bala<\/li><li>Un cartucho calibre 20 recargado con bala<\/li><li>Un frasco vidrio conteniendo municiones de plomo y balas de similar caracter\u00edsticas a las q se encuentran recargados los cartuchos.<\/li><li>Una balanza para cinco kilos con su respectivo plato.<\/li><li>Una balanza port\u00e1til<\/li><li>15 ganchos de hierro<\/li><li>Tres sogas de distintas longitudes<\/li><li>Embutidora de fabricaci\u00f3n casera con ca\u00f1o pvc del 200<\/li><li>30 kilogramos de carne vacuna<\/li><li>Un autom\u00f3vil marca chevrolet corsa dominio&nbsp; EWP 552<\/li><\/ul>\n\n\n\n<p><strong><em>Fuente: Las Toscas Multimedios<\/em><\/strong><\/p>\n","protected":false},"excerpt":{"rendered":"<p>Una productora ganadera denunci\u00f3 el faenamiento de una ternera de 200 kilos en un campo cercano a la ciudad. Dos hombres quedaron implicados por abigeato y encubrimiento, aunque ya recuperaron su estado&#46;&#46;&#46;<\/p>\n","protected":false},"author":1,"featured_media":16104,"comment_status":"closed","ping_status":"closed","sticky":false,"template":"","format":"standard","meta":[],"categories":[2,3,16,11],"tags":[],"_links":{"self":[{"href":"https:\/\/www.revistarescatados.com.ar\/web\/wp-json\/wp\/v2\/posts\/16101"}],"collection":[{"href":"https:\/\/www.revistarescatados.com.ar\/web\/wp-json\/wp\/v2\/posts"}],"about":[{"href":"https:\/\/www.revistarescatados.com.ar\/web\/wp-json\/wp\/v2\/types\/post"}],"author":[{"embeddable":true,"href":"https:\/\/www.revistarescatados.com.ar\/web\/wp-json\/wp\/v2\/users\/1"}],"replies":[{"embeddable":true,"href":"https:\/\/www.revistarescatados.com.ar\/web\/wp-json\/wp\/v2\/comments?post=16101"}],"version-history":[{"count":2,"href":"https:\/\/www.revistarescatados.com.ar\/web\/wp-json\/wp\/v2\/posts\/16101\/revisions"}],"predecessor-version":[{"id":16107,"href":"https:\/\/www.revistarescatados.com.ar\/web\/wp-json\/wp\/v2\/posts\/16101\/revisions\/16107"}],"wp:featuredmedia":[{"embeddable":true,"href":"https:\/\/www.revistarescatados.com.ar\/web\/wp-json\/wp\/v2\/media\/16104"}],"wp:attachment":[{"href":"https:\/\/www.revistarescatados.com.ar\/web\/wp-json\/wp\/v2\/media?parent=16101"}],"wp:term":[{"taxonomy":"category","embeddable":true,"href":"https:\/\/www.revistarescatados.com.ar\/web\/wp-json\/wp\/v2\/categories?post=16101"},{"taxonomy":"post_tag","embeddable":true,"href":"https:\/\/www.revistarescatados.com.ar\/web\/wp-json\/wp\/v2\/tags?post=16101"}],"curies":[{"name":"wp","href":"https:\/\/api.w.org\/{rel}","templated":true}]}}