{"id":16204,"date":"2022-01-03T16:56:15","date_gmt":"2022-01-03T19:56:15","guid":{"rendered":"https:\/\/www.revistarescatados.com.ar\/web\/?p=16204"},"modified":"2022-01-03T16:56:20","modified_gmt":"2022-01-03T19:56:20","slug":"perotti-armara-este-ano-la-plataforma-para-el-2023","status":"publish","type":"post","link":"https:\/\/www.revistarescatados.com.ar\/web\/2022\/01\/03\/perotti-armara-este-ano-la-plataforma-para-el-2023\/","title":{"rendered":"Perotti armar\u00e1 este a\u00f1o la plataforma para el 2023"},"content":{"rendered":"\n<p><\/p>\n\n\n\n<p>Por: Dar\u00edo H. Schueri \u2013 Desde Santa Fe<\/p>\n\n\n\n<p><strong><span class=\"has-inline-color has-vivid-red-color\">Con el Covid, aparentemente Cepa Omicron, explotado (hasta Messi se contagi\u00f3 y est\u00e1 aislado en Rosario), el Gobernador Omar Perotti usar\u00e1 el 2022 para dise\u00f1ar la plataforma de lanzamiento para su sucesi\u00f3n.<\/span><\/strong><\/p>\n\n\n\n<figure class=\"wp-block-image size-large\"><img loading=\"lazy\" width=\"1024\" height=\"575\" src=\"http:\/\/www.revistarescatados.com.ar\/web\/wp-content\/uploads\/2021\/05\/Perotti-1024x575.jpg\" alt=\"\" class=\"wp-image-14082\" srcset=\"https:\/\/www.revistarescatados.com.ar\/web\/wp-content\/uploads\/2021\/05\/Perotti-1024x575.jpg 1024w, https:\/\/www.revistarescatados.com.ar\/web\/wp-content\/uploads\/2021\/05\/Perotti-300x168.jpg 300w, https:\/\/www.revistarescatados.com.ar\/web\/wp-content\/uploads\/2021\/05\/Perotti-768x431.jpg 768w, https:\/\/www.revistarescatados.com.ar\/web\/wp-content\/uploads\/2021\/05\/Perotti.jpg 1140w\" sizes=\"(max-width: 1024px) 100vw, 1024px\" \/><\/figure>\n\n\n\n<p>Fue el l\u00edder de la corriente renacentista radical Neo (ahora compuesto por Evoluci\u00f3n) Maximiliano Pullaro, quien movi\u00f3 la lechiguana pol\u00edtica solo d\u00edas despu\u00e9s de haber perdido la interna por escaso 0.7% contra Carolina Losada, el que lanz\u00f3 en la localidad de Ambrosetti Departamento San Crist\u00f3bal, feudo electoral de Felipe Michlig, su campa\u00f1a gubernamental: \u201cahora vamos por la Provincia\u201d, envalenton\u00f3 a la dirigencia que lo acompa\u00f1aba.<\/p>\n\n\n\n<p>Inmediatamente despu\u00e9s desde el sector triunfante se hizo correr la versi\u00f3n de \u201cDioni candidato\u201d (por Dionisio Scarp\u00edn, compa\u00f1ero de boleta senatorial de Carolina Losada). Hace unos d\u00edas, las huestes de Mario Barletta hicieron saber mediante un suelto de prensa, que el flamante diputado nacional tambi\u00e9n quiere ser Gobernador en el 2023. \u00bfY Losada?. Por ahora usufructuando de su hasta hace poco trabajo (los medios de comunicaci\u00f3n) a favor de su arrolladora impronta pol\u00edtica. Losada ser\u00eda candidata a lo quisiera aspirar de continuar as\u00ed.<\/p>\n\n\n\n<p>El peronismo \u201cde base\u201d, que puede ser figurativo para afuera pero no se auto enga\u00f1a, le mand\u00f3 a decir a Omar Perotti que no van a rifar, menos con la billetera en la mano, el poder en el 2023.<\/p>\n\n\n\n<p>Es consciente que, como bien lo describi\u00f3 su presidente Ricardo Olivera, hizo \u201cla peor elecci\u00f3n desde el 83\u201d, y as\u00ed se lo hicieron notar \u2013 por zoom \u2013 los caciques territoriales.<\/p>\n\n\n\n<p><strong>Perotti va por el frente interno<\/strong><\/p>\n\n\n\n<p>Omar Perotti puso manos a la obra, y sin importarle que Pullaro no pierda ocasi\u00f3n \u2013 como en su \u00faltima intervenci\u00f3n cuando se discut\u00eda el presupuesto \u2013 para hacer saber sus ambiciones gubernamentales; o Scarp\u00edn, Barletta y hasta Losada tambi\u00e9n ventilen sus deseos a sucederlo; y porque no desde el socialismo se le animen, quiere ordenar &#8211; \u00bfo disciplinar?- el frente interno.<\/p>\n\n\n\n<p>Las primeras se\u00f1ales fueron para \u201clos Juan Domingo Per\u00f3n\u201d (el \u201cbloque del Pipi\u201d) quienes obviamente no conf\u00edan un \u00e1pice en la palabra del \u201ccompa\u00f1ero rafaelino\u201d, pero no pierden nada con acompa\u00f1ar los movimientos pacificadores que hagan desde la Casa Gris. De hecho ah\u00ed estuvieron estoicamente (cuando alguno de los propios no) neg\u00e1ndose a darle mayor porcentaje coparticipativo del inmobiliario a las comunas y municipalidades. Antes, hab\u00edan acompa\u00f1ado un\u00e1nimemente el presupuesto que despu\u00e9s no fue.<\/p>\n\n\n\n<p>En Diputados la cuesti\u00f3n es m\u00e1s dif\u00edcil, pues a diferencia de Senadores donde existe organicidad grupal, all\u00ed conviven ocho librepensadores, varios con \u201cauto bloques\u201d imposibles de domesticar por el veterano Ricardo Olivera.<\/p>\n\n\n\n<p>Los desembarcos de Carlos Berm\u00fadez a Informaci\u00f3n P\u00fablica y Celia Arena a Gobierno van en ese mismo sentido: contener a los propios. La oposici\u00f3n que haga el juego de ser opositores, y as\u00ed se lo har\u00e1n saber a la poblaci\u00f3n. Perotti no quiere tibios a la hora de castigar a los opositores. Ser\u00e1 un a\u00f1o de toma y daca.<\/p>\n\n\n\n<p>Jorge Lagna, con su car\u00e1cter apaciguador y ocho a\u00f1os de experiencia parlamentaria, consigui\u00f3 que aunque sea por \u201cconmiseraci\u00f3n\u201d (como se\u00f1al\u00f3 el diputado Real del PDP) le renovaran la confianza con una nueva Ley de Emergencia en Seguridad y Penitenciaria. Quiz\u00e1s la frase \u201cvengo a refundar el Ministerio\u201d, dicha por Lagna ante los diputados \u2013 seg\u00fan revel\u00f3 en recinto el socialista Joaqu\u00edn Blanco &#8211; los convenci\u00f3 de darle otra chance a esa cartera vapuleada por su antecesor.<\/p>\n\n\n\n<p>Con Daniel Costamagna apuntalando a la producci\u00f3n (en el presupuesto que todav\u00eda no fue contin\u00faa la estabilidad fiscal para pymes y otros beneficios), y sus \u00e1reas de ciencia y tecnolog\u00eda acompa\u00f1ando el desarrollo cient\u00edfico al servicio de lo primero, el Gobernador pretende tener de aliado a ese vital sector de la econom\u00eda (de hecho todas las entidades industriales suscribieron un comunicado reprochando el no tratamiento del presupuesto).<\/p>\n\n\n\n<p>Si Perotti consigue que la tropa peronista aunque sea disimule \u201cdelante de la gente\u201d sus internas, y acepten que nada podr\u00e1n construir fuera del s\u00edmbolo justicialista (a\u00fan sin reconocerlo como l\u00edder) porque en la espesura de la jungla opositora solo hay depredadores \u2013 que inclusive tratar\u00e1n de fagocitarse entre s\u00ed \u2013 es probable que a inicios del invierno comience a perfilar la figura del sucesor, para la cual l\u00f3gicamente no va a pedir alineaci\u00f3n como ocurriera con su figura en el 2019, debido a que el escenario cambi\u00f3 sustantivamente.<\/p>\n\n\n\n<p>Ah\u00ed es donde Berm\u00fadez, Arena, porque no Corach, Urruty, y naturalmente Roberto Mirabella \u00bfel elegido?, deber\u00e1n tallar para que nadie saque los pies del plato. A\u00fan si quisieran enfrentar la chequera oficial; pero por adentro.<\/p>\n\n\n\n<p>Del otro lado trabajan para lo mismo. Todo el arco pol\u00edtico es consciente de que, a menos que aparezca un Reutemann o Del Sel, s\u00f3lo la unidad los salvar\u00e1.<\/p>\n\n\n\n<p>Un cuentapropista (\u201ctraidor\u201d en la jerga pol\u00edtica) en cualquiera de los bandos ser\u00eda letal.<\/p>\n\n\n\n<p>Buen inicio del 2022.<\/p>\n","protected":false},"excerpt":{"rendered":"<p>Por: Dar\u00edo H. Schueri \u2013 Desde Santa Fe Con el Covid, aparentemente Cepa Omicron, explotado (hasta Messi se contagi\u00f3 y est\u00e1 aislado en Rosario), el Gobernador Omar Perotti usar\u00e1 el 2022 para&#46;&#46;&#46;<\/p>\n","protected":false},"author":1,"featured_media":15783,"comment_status":"closed","ping_status":"closed","sticky":false,"template":"","format":"standard","meta":[],"categories":[16,13,12],"tags":[],"_links":{"self":[{"href":"https:\/\/www.revistarescatados.com.ar\/web\/wp-json\/wp\/v2\/posts\/16204"}],"collection":[{"href":"https:\/\/www.revistarescatados.com.ar\/web\/wp-json\/wp\/v2\/posts"}],"about":[{"href":"https:\/\/www.revistarescatados.com.ar\/web\/wp-json\/wp\/v2\/types\/post"}],"author":[{"embeddable":true,"href":"https:\/\/www.revistarescatados.com.ar\/web\/wp-json\/wp\/v2\/users\/1"}],"replies":[{"embeddable":true,"href":"https:\/\/www.revistarescatados.com.ar\/web\/wp-json\/wp\/v2\/comments?post=16204"}],"version-history":[{"count":1,"href":"https:\/\/www.revistarescatados.com.ar\/web\/wp-json\/wp\/v2\/posts\/16204\/revisions"}],"predecessor-version":[{"id":16205,"href":"https:\/\/www.revistarescatados.com.ar\/web\/wp-json\/wp\/v2\/posts\/16204\/revisions\/16205"}],"wp:featuredmedia":[{"embeddable":true,"href":"https:\/\/www.revistarescatados.com.ar\/web\/wp-json\/wp\/v2\/media\/15783"}],"wp:attachment":[{"href":"https:\/\/www.revistarescatados.com.ar\/web\/wp-json\/wp\/v2\/media?parent=16204"}],"wp:term":[{"taxonomy":"category","embeddable":true,"href":"https:\/\/www.revistarescatados.com.ar\/web\/wp-json\/wp\/v2\/categories?post=16204"},{"taxonomy":"post_tag","embeddable":true,"href":"https:\/\/www.revistarescatados.com.ar\/web\/wp-json\/wp\/v2\/tags?post=16204"}],"curies":[{"name":"wp","href":"https:\/\/api.w.org\/{rel}","templated":true}]}}