{"id":16251,"date":"2022-01-10T21:36:14","date_gmt":"2022-01-11T00:36:14","guid":{"rendered":"https:\/\/www.revistarescatados.com.ar\/web\/?p=16251"},"modified":"2022-01-10T21:36:20","modified_gmt":"2022-01-11T00:36:20","slug":"festram-en-estado-de-alerta-y-movilizacion-para-garantizar-la-estabilidad-laboral","status":"publish","type":"post","link":"https:\/\/www.revistarescatados.com.ar\/web\/2022\/01\/10\/festram-en-estado-de-alerta-y-movilizacion-para-garantizar-la-estabilidad-laboral\/","title":{"rendered":"FESTRAM en estado de alerta y movilizaci\u00f3n para garantizar la estabilidad laboral"},"content":{"rendered":"\n<p><\/p>\n\n\n\n<p><strong><span class=\"has-inline-color has-vivid-red-color\">La Federaci\u00f3n de Sindicatos de Trabajadores Municipales de la Provincia de Santa Fe ha dispuesto el estado de alerta y movilizaci\u00f3n ante la cantidad de conflictos laborales que han surgido en toda la Provincia, la mayor\u00eda de ellos relacionados con el ataque a la estabilidad laboral ante el cambio de Autoridades de Municipios y Comunas.<\/span><\/strong><\/p>\n\n\n\n<figure class=\"wp-block-image size-large\"><img loading=\"lazy\" width=\"1024\" height=\"684\" src=\"http:\/\/www.revistarescatados.com.ar\/web\/wp-content\/uploads\/2018\/09\/festram-1024x684.jpg\" alt=\"\" class=\"wp-image-1974\" srcset=\"https:\/\/www.revistarescatados.com.ar\/web\/wp-content\/uploads\/2018\/09\/festram-1024x684.jpg 1024w, https:\/\/www.revistarescatados.com.ar\/web\/wp-content\/uploads\/2018\/09\/festram-300x200.jpg 300w, https:\/\/www.revistarescatados.com.ar\/web\/wp-content\/uploads\/2018\/09\/festram-768x513.jpg 768w, https:\/\/www.revistarescatados.com.ar\/web\/wp-content\/uploads\/2018\/09\/festram.jpg 1200w\" sizes=\"(max-width: 1024px) 100vw, 1024px\" \/><\/figure>\n\n\n\n<p>Los titulares de los ejecutivos locales en Municipios y Comunas como Helvecia, San Fabi\u00e1n, Hersilia, Calchaqu\u00ed han asumido o renovado sus cargos, con la visi\u00f3n de que los trabajadores y las leyes que garantizan su estabilidad son un problema para el funcionamiento de sus gestiones, intentando instalar un modelo de precarizaci\u00f3n laboral, incluso contrarios a los principios de los partidos pol\u00edticos que los han llevado al poder, y adoptando medidas que no expresaron durante la campa\u00f1a. Existen administraciones que a la fecha no han pagado a sus trabajadores el aguinaldo, los que tambi\u00e9n han decidido medidas de fuerza como en el caso de San Javier.<\/p>\n\n\n\n<p>Mientras el Gobierno Nacional de Alberto Fern\u00e1ndez decidi\u00f3 prorrogar la emergencia ocupacional \u2013lo cual impide los despidos ante el delicado contexto social, Intendentes y Presidentes Comunales toman a los trabajadores como variables de ajuste de sus administraciones.<\/p>\n\n\n\n<p>Ya por el mes de diciembre y en forma previa a los actuales conflictos que se producen en toda la Provincia, FESTRAM solicit\u00f3 una audiencia al Ministro de Trabajo de la Provincia Juan Manuel Pusineri, siendo uno de los temas a tratar las medidas para garantizar la estabilidad laboral en la transici\u00f3n de autoridades municipales y comunales. Lamentablemente, a la fecha dicha audiencia no ha sido otorgada por la cartera laboral. La situaci\u00f3n lleva a FESTRAM a declarar el estado de alerta y movilizaci\u00f3n, con cortes de rutas en toda la Provincia y se analiza resolver un paro provincial.<\/p>\n\n\n\n<p>Prensa FESTRAM<\/p>\n","protected":false},"excerpt":{"rendered":"<p>La Federaci\u00f3n de Sindicatos de Trabajadores Municipales de la Provincia de Santa Fe ha dispuesto el estado de alerta y movilizaci\u00f3n ante la cantidad de conflictos laborales que han surgido en toda&#46;&#46;&#46;<\/p>\n","protected":false},"author":1,"featured_media":13227,"comment_status":"closed","ping_status":"closed","sticky":false,"template":"","format":"standard","meta":[],"categories":[2,3,16,10,12],"tags":[],"_links":{"self":[{"href":"https:\/\/www.revistarescatados.com.ar\/web\/wp-json\/wp\/v2\/posts\/16251"}],"collection":[{"href":"https:\/\/www.revistarescatados.com.ar\/web\/wp-json\/wp\/v2\/posts"}],"about":[{"href":"https:\/\/www.revistarescatados.com.ar\/web\/wp-json\/wp\/v2\/types\/post"}],"author":[{"embeddable":true,"href":"https:\/\/www.revistarescatados.com.ar\/web\/wp-json\/wp\/v2\/users\/1"}],"replies":[{"embeddable":true,"href":"https:\/\/www.revistarescatados.com.ar\/web\/wp-json\/wp\/v2\/comments?post=16251"}],"version-history":[{"count":1,"href":"https:\/\/www.revistarescatados.com.ar\/web\/wp-json\/wp\/v2\/posts\/16251\/revisions"}],"predecessor-version":[{"id":16252,"href":"https:\/\/www.revistarescatados.com.ar\/web\/wp-json\/wp\/v2\/posts\/16251\/revisions\/16252"}],"wp:featuredmedia":[{"embeddable":true,"href":"https:\/\/www.revistarescatados.com.ar\/web\/wp-json\/wp\/v2\/media\/13227"}],"wp:attachment":[{"href":"https:\/\/www.revistarescatados.com.ar\/web\/wp-json\/wp\/v2\/media?parent=16251"}],"wp:term":[{"taxonomy":"category","embeddable":true,"href":"https:\/\/www.revistarescatados.com.ar\/web\/wp-json\/wp\/v2\/categories?post=16251"},{"taxonomy":"post_tag","embeddable":true,"href":"https:\/\/www.revistarescatados.com.ar\/web\/wp-json\/wp\/v2\/tags?post=16251"}],"curies":[{"name":"wp","href":"https:\/\/api.w.org\/{rel}","templated":true}]}}