{"id":16255,"date":"2022-01-10T21:58:47","date_gmt":"2022-01-11T00:58:47","guid":{"rendered":"https:\/\/www.revistarescatados.com.ar\/web\/?p=16255"},"modified":"2022-01-10T21:58:52","modified_gmt":"2022-01-11T00:58:52","slug":"un-hombre-apunalado-en-la-madrugada-del-domingo-en-calchaqui","status":"publish","type":"post","link":"https:\/\/www.revistarescatados.com.ar\/web\/2022\/01\/10\/un-hombre-apunalado-en-la-madrugada-del-domingo-en-calchaqui\/","title":{"rendered":"Un hombre apu\u00f1alado en la madrugada del domingo en Calchaqu\u00ed"},"content":{"rendered":"\n<p><strong><span class=\"has-inline-color has-vivid-red-color\">El hombre de 29 a\u00f1os fue hallado por la polic\u00eda en la v\u00eda p\u00fablica con evidentes lesiones al ser herido por otro con un arma blanca. Fue trasladado al hospital.<\/span><\/strong><\/p>\n\n\n\n<figure class=\"wp-block-image size-large\"><img loading=\"lazy\" width=\"1024\" height=\"683\" src=\"http:\/\/www.revistarescatados.com.ar\/web\/wp-content\/uploads\/2019\/05\/Apu\u00f1alado-1024x683.jpg\" alt=\"\" class=\"wp-image-4816\" srcset=\"https:\/\/www.revistarescatados.com.ar\/web\/wp-content\/uploads\/2019\/05\/Apu\u00f1alado-1024x683.jpg 1024w, https:\/\/www.revistarescatados.com.ar\/web\/wp-content\/uploads\/2019\/05\/Apu\u00f1alado-300x200.jpg 300w, https:\/\/www.revistarescatados.com.ar\/web\/wp-content\/uploads\/2019\/05\/Apu\u00f1alado-768x512.jpg 768w, https:\/\/www.revistarescatados.com.ar\/web\/wp-content\/uploads\/2019\/05\/Apu\u00f1alado.jpg 1500w\" sizes=\"(max-width: 1024px) 100vw, 1024px\" \/><\/figure>\n\n\n\n<p>Personal policial de la Comisaria 2da de Calchaqu\u00ed, siendo las 03:40 del domingo 9 de enero, en circunstancia personal policial se encontraba de patrullajes preventivos por la ciudad observan un hombre con lesiones visibles. Fue identificado por sus datos, resultando ser mayor de edad &#8211; m\u00e1s precisamente de 29 a\u00f1os &#8211; de apellido Capr\u00edn.<\/p>\n\n\n\n<p>Fue trasladado inmediatamente en ambulancia al hospital local para su atenci\u00f3n medica.<\/p>\n\n\n\n<p> De diligencias investigativas efectuadas por agentes policiales establecen que el sujeto por causas que se tratan de establecer, fue lesionado con un arma blanca por otra persona, identificado, siendo mayor de edad. Se procedi\u00f3 al secuestro preventivo de elementos que interesan a la investigaci\u00f3n.-<\/p>\n","protected":false},"excerpt":{"rendered":"<p>El hombre de 29 a\u00f1os fue hallado por la polic\u00eda en la v\u00eda p\u00fablica con evidentes lesiones al ser herido por otro con un arma blanca. Fue trasladado al hospital. Personal policial&#46;&#46;&#46;<\/p>\n","protected":false},"author":1,"featured_media":4816,"comment_status":"closed","ping_status":"closed","sticky":false,"template":"","format":"standard","meta":[],"categories":[2,3,16,11],"tags":[],"_links":{"self":[{"href":"https:\/\/www.revistarescatados.com.ar\/web\/wp-json\/wp\/v2\/posts\/16255"}],"collection":[{"href":"https:\/\/www.revistarescatados.com.ar\/web\/wp-json\/wp\/v2\/posts"}],"about":[{"href":"https:\/\/www.revistarescatados.com.ar\/web\/wp-json\/wp\/v2\/types\/post"}],"author":[{"embeddable":true,"href":"https:\/\/www.revistarescatados.com.ar\/web\/wp-json\/wp\/v2\/users\/1"}],"replies":[{"embeddable":true,"href":"https:\/\/www.revistarescatados.com.ar\/web\/wp-json\/wp\/v2\/comments?post=16255"}],"version-history":[{"count":1,"href":"https:\/\/www.revistarescatados.com.ar\/web\/wp-json\/wp\/v2\/posts\/16255\/revisions"}],"predecessor-version":[{"id":16256,"href":"https:\/\/www.revistarescatados.com.ar\/web\/wp-json\/wp\/v2\/posts\/16255\/revisions\/16256"}],"wp:featuredmedia":[{"embeddable":true,"href":"https:\/\/www.revistarescatados.com.ar\/web\/wp-json\/wp\/v2\/media\/4816"}],"wp:attachment":[{"href":"https:\/\/www.revistarescatados.com.ar\/web\/wp-json\/wp\/v2\/media?parent=16255"}],"wp:term":[{"taxonomy":"category","embeddable":true,"href":"https:\/\/www.revistarescatados.com.ar\/web\/wp-json\/wp\/v2\/categories?post=16255"},{"taxonomy":"post_tag","embeddable":true,"href":"https:\/\/www.revistarescatados.com.ar\/web\/wp-json\/wp\/v2\/tags?post=16255"}],"curies":[{"name":"wp","href":"https:\/\/api.w.org\/{rel}","templated":true}]}}