{"id":16288,"date":"2022-01-14T01:59:01","date_gmt":"2022-01-14T04:59:01","guid":{"rendered":"https:\/\/www.revistarescatados.com.ar\/web\/?p=16288"},"modified":"2022-01-14T01:59:07","modified_gmt":"2022-01-14T04:59:07","slug":"en-2021-se-registraron-416-victimas-fatales-causadas-por-siniestros-viales-en-la-provincia-de-santa-fe","status":"publish","type":"post","link":"https:\/\/www.revistarescatados.com.ar\/web\/2022\/01\/14\/en-2021-se-registraron-416-victimas-fatales-causadas-por-siniestros-viales-en-la-provincia-de-santa-fe\/","title":{"rendered":"En 2021, se registraron 416 v\u00edctimas fatales causadas por siniestros viales en la provincia de Santa Fe"},"content":{"rendered":"\n<p><\/p>\n\n\n\n<p><\/p>\n\n\n\n<p><strong><span class=\"has-inline-color has-vivid-red-color\">La Agencia Provincial de Seguridad Vial, que depende del Ministerio de Seguridad de la Provincia, inform\u00f3 que seg\u00fan datos preliminares, durante 2021 se registraron 416 v\u00edctimas fatales por siniestros viales en nuestra provincia en 372 hechos de tr\u00e1nsito. En tanto que, los datos consolidados correspondientes al a\u00f1o 2019 consignan que se registr\u00f3 un total de 522 fallecidos, mientras que en el a\u00f1o 2020 se registraron 360 fallecidos.<\/span><\/strong><\/p>\n\n\n\n<figure class=\"wp-block-image size-large\"><img loading=\"lazy\" width=\"1024\" height=\"576\" src=\"http:\/\/www.revistarescatados.com.ar\/web\/wp-content\/uploads\/2021\/05\/choque-frontal-1-1024x576.jpg\" alt=\"\" class=\"wp-image-13724\" srcset=\"https:\/\/www.revistarescatados.com.ar\/web\/wp-content\/uploads\/2021\/05\/choque-frontal-1-1024x576.jpg 1024w, https:\/\/www.revistarescatados.com.ar\/web\/wp-content\/uploads\/2021\/05\/choque-frontal-1-300x169.jpg 300w, https:\/\/www.revistarescatados.com.ar\/web\/wp-content\/uploads\/2021\/05\/choque-frontal-1-768x432.jpg 768w, https:\/\/www.revistarescatados.com.ar\/web\/wp-content\/uploads\/2021\/05\/choque-frontal-1.jpg 1440w\" sizes=\"(max-width: 1024px) 100vw, 1024px\" \/><\/figure>\n\n\n\n<p><br>En este marco, cabe destacar que la provincia de Santa Fe cuenta con presencia activa de la Polic\u00eda de Seguridad Vial en las rutas Nacionales y Provinciales que atraviesan el territorio. Actualmente, existen 22 puestos fijos de fiscalizaci\u00f3n que se encuentran trabajando las 24 horas y 80 puestos de control alternativos, que se traduce a un total de 100 operativos funcionales diarios. Adem\u00e1s, la APSV realiza un importante trabajo de educaci\u00f3n, formaci\u00f3n y concientizaci\u00f3n de las principales conductas de riesgo que buscan modificar pr\u00e1cticas isneguras.<\/p>\n\n\n\n<p>Dicha informaci\u00f3n constituye el resultado de una exhaustiva metodolog\u00eda de relevamiento, an\u00e1lisis e informe de datos que la APSV lleva a cabo a trav\u00e9s de su Observatorio Vial que dispone los datos de siniestralidad vial de la Provincia de Santa Fe. A partir de esta informaci\u00f3n el Observatorio Vial elabora los Informes Estad\u00edsticos que son de p\u00fablico conocimiento y que son entregados a los medios de comunicaci\u00f3n y a las instituciones involucradas en la tem\u00e1tica para su difusi\u00f3n, poniendo un marcado \u00e9nfasis en la calidad de los datos.<\/p>\n\n\n\n<p>En ese sentido, el subsecretario de la APSV, Osvlado Aymo, expres\u00f3: \u201cEn este momento de balance del a\u00f1o 2021 vemos que la cantidad de personas fallecidas por lesiones de tr\u00e1nsito fueron de 521 en 2018; 522 en 2019; y en el 2021 fueron 416, en un contexto de recuperaci\u00f3n de la circulaci\u00f3n al nivel de pre-pandemia. Esta gesti\u00f3n provincial est\u00e1 convencida que los controles salvan vidas\u201d.<\/p>\n\n\n\n<p>Por su parte, la directora de la Agencia, Antonela Cerutti afirm\u00f3: \u201cLas estad\u00edsticas nos demuestran la efectividad de los controles. De nada sirven las normativas si no est\u00e1n acompa\u00f1adas de su estructura operativa para la fiscalizaci\u00f3n y el control. Entendimos desde el primer d\u00eda que la visi\u00f3n cero en siniestros viales se construye con la responsabilidad de todos\u201d.<\/p>\n\n\n\n<p>Adem\u00e1s agreg\u00f3: \u201cEs por eso que esta Agencia de Seguridad Vial del gobierno de Omar Perotti est\u00e1 presente en diferentes puntos de la provincia cuidando a los que la transitan, todos los recursos est\u00e1n presentes en el territorio brindando a los conductores protecci\u00f3n en los viajes &#8220;.<\/p>\n\n\n\n<p>En los puestos de control de la Polic\u00eda de Seguridad Vial, donde se registran m\u00e1s de 45.000 veh\u00edculos fiscalizados por mes, se solicita documentaci\u00f3n obligatoria para circular y se realizan controles de alcoholemia a conductores particulares y profesionales, para detectar conductas inadecuadas que ponen en riesgo la seguridad de quienes transitan en las rutas.<\/p>\n\n\n\n<figure class=\"wp-block-embed is-type-rich is-provider-gestor-del-servicio wp-block-embed-gestor-del-servicio\"><div class=\"wp-block-embed__wrapper\">\n<!--[if lt IE 9]><script>document.createElement('audio');<\/script><![endif]-->\n<audio class=\"wp-audio-shortcode\" id=\"audio-16288-1\" preload=\"none\" style=\"width: 100%;\" controls=\"controls\"><source type=\"audio\/mpeg\" src=\"https:\/\/www.santafe.gov.ar\/noticias\/recursos\/audios\/2022\/01\/2022-01-13NID_273593O_1.mp3?_=1\" \/><a href=\"https:\/\/www.santafe.gov.ar\/noticias\/recursos\/audios\/2022\/01\/2022-01-13NID_273593O_1.mp3\">https:\/\/www.santafe.gov.ar\/noticias\/recursos\/audios\/2022\/01\/2022-01-13NID_273593O_1.mp3<\/a><\/audio>\n<\/div><\/figure>\n\n\n\n<p><strong><span class=\"has-inline-color has-vivid-red-color\">Verano seguro<\/span><\/strong><\/p>\n\n\n\n<p>La Agencia Provincial de Seguridad Vial trabaja mancomunadamente con la Secretar\u00eda de Turismo durante la temporada de verano con el objetivo de mostrar los atractivos tur\u00edsticos de la provincia y promover cuidados de salud y seguridad vial durante estas vacaciones poniendo el foco en la concientizaci\u00f3n de aquellas conductas que seg\u00fan las estad\u00edsticas est\u00e1n presentes en la siniestralidad vial tales como el uso del cintur\u00f3n y sistemas de retenci\u00f3n infantil en ni\u00f1os y ni\u00f1as; el consumo de alcohol, las distracciones y fatiga en los conductores, y uso de dispositivos de seguridad como el casco para motociclistas.<\/p>\n\n\n\n<p>El principal objetivo es cuidar a los ciudadanos durante la temporada estival, en la cual se desarrollan diferentes actividades tur\u00edsticas y se incrementa la movilida en rutas, a trav\u00e9s de los m\u00faltiples controles preventivos y concientizaci\u00f3n que realiza la Polic\u00eda de Seguridad Vial de Santa Fe.<\/p>\n\n\n\n<figure class=\"wp-block-embed is-type-rich is-provider-gestor-del-servicio wp-block-embed-gestor-del-servicio\"><div class=\"wp-block-embed__wrapper\">\n<div style=\"width: 640px;\" class=\"wp-video\"><!--[if lt IE 9]><script>document.createElement('video');<\/script><![endif]-->\n<video class=\"wp-video-shortcode\" id=\"video-16288-1\" width=\"640\" height=\"360\" preload=\"metadata\" controls=\"controls\"><source type=\"video\/mp4\" src=\"https:\/\/www.santafe.gov.ar\/noticias\/recursos\/videosHD\/2022\/01\/2022-01-13NID_273593O_1.mp4?_=1\" \/><a href=\"https:\/\/www.santafe.gov.ar\/noticias\/recursos\/videosHD\/2022\/01\/2022-01-13NID_273593O_1.mp4\">https:\/\/www.santafe.gov.ar\/noticias\/recursos\/videosHD\/2022\/01\/2022-01-13NID_273593O_1.mp4<\/a><\/video><\/div>\n<\/div><\/figure>\n","protected":false},"excerpt":{"rendered":"<p>La Agencia Provincial de Seguridad Vial, que depende del Ministerio de Seguridad de la Provincia, inform\u00f3 que seg\u00fan datos preliminares, durante 2021 se registraron 416 v\u00edctimas fatales por siniestros viales en nuestra&#46;&#46;&#46;<\/p>\n","protected":false},"author":1,"featured_media":13724,"comment_status":"closed","ping_status":"closed","sticky":false,"template":"","format":"standard","meta":[],"categories":[16,10,12,8],"tags":[],"_links":{"self":[{"href":"https:\/\/www.revistarescatados.com.ar\/web\/wp-json\/wp\/v2\/posts\/16288"}],"collection":[{"href":"https:\/\/www.revistarescatados.com.ar\/web\/wp-json\/wp\/v2\/posts"}],"about":[{"href":"https:\/\/www.revistarescatados.com.ar\/web\/wp-json\/wp\/v2\/types\/post"}],"author":[{"embeddable":true,"href":"https:\/\/www.revistarescatados.com.ar\/web\/wp-json\/wp\/v2\/users\/1"}],"replies":[{"embeddable":true,"href":"https:\/\/www.revistarescatados.com.ar\/web\/wp-json\/wp\/v2\/comments?post=16288"}],"version-history":[{"count":1,"href":"https:\/\/www.revistarescatados.com.ar\/web\/wp-json\/wp\/v2\/posts\/16288\/revisions"}],"predecessor-version":[{"id":16289,"href":"https:\/\/www.revistarescatados.com.ar\/web\/wp-json\/wp\/v2\/posts\/16288\/revisions\/16289"}],"wp:featuredmedia":[{"embeddable":true,"href":"https:\/\/www.revistarescatados.com.ar\/web\/wp-json\/wp\/v2\/media\/13724"}],"wp:attachment":[{"href":"https:\/\/www.revistarescatados.com.ar\/web\/wp-json\/wp\/v2\/media?parent=16288"}],"wp:term":[{"taxonomy":"category","embeddable":true,"href":"https:\/\/www.revistarescatados.com.ar\/web\/wp-json\/wp\/v2\/categories?post=16288"},{"taxonomy":"post_tag","embeddable":true,"href":"https:\/\/www.revistarescatados.com.ar\/web\/wp-json\/wp\/v2\/tags?post=16288"}],"curies":[{"name":"wp","href":"https:\/\/api.w.org\/{rel}","templated":true}]}}