{"id":16290,"date":"2022-01-14T02:18:28","date_gmt":"2022-01-14T05:18:28","guid":{"rendered":"https:\/\/www.revistarescatados.com.ar\/web\/?p=16290"},"modified":"2022-01-14T02:18:36","modified_gmt":"2022-01-14T05:18:36","slug":"un-voraz-incendio-destruyo-una-plantacion-de-un-vivero-en-calchaqui","status":"publish","type":"post","link":"https:\/\/www.revistarescatados.com.ar\/web\/2022\/01\/14\/un-voraz-incendio-destruyo-una-plantacion-de-un-vivero-en-calchaqui\/","title":{"rendered":"Un voraz incendio destruy\u00f3 una plantaci\u00f3n de un vivero en Calchaqu\u00ed"},"content":{"rendered":"\n<p><\/p>\n\n\n\n<p><strong><span class=\"has-inline-color has-vivid-red-color\">El siniestro ocurri\u00f3 este jueves al mediod\u00eda en la zona periurbana al norte de la ciudad. Con la intervenci\u00f3n de los bomberos voluntarios fue sofocado el fuego que ocasion\u00f3 un grave da\u00f1o en la plantaci\u00f3n de palmeras.<\/span><\/strong><\/p>\n\n\n\n<figure class=\"wp-block-image size-large\"><img loading=\"lazy\" width=\"1024\" height=\"576\" src=\"https:\/\/www.revistarescatados.com.ar\/web\/wp-content\/uploads\/2022\/01\/Incendio-1024x576.jpg\" alt=\"\" class=\"wp-image-16291\" srcset=\"https:\/\/www.revistarescatados.com.ar\/web\/wp-content\/uploads\/2022\/01\/Incendio-1024x576.jpg 1024w, https:\/\/www.revistarescatados.com.ar\/web\/wp-content\/uploads\/2022\/01\/Incendio-300x169.jpg 300w, https:\/\/www.revistarescatados.com.ar\/web\/wp-content\/uploads\/2022\/01\/Incendio-768x432.jpg 768w, https:\/\/www.revistarescatados.com.ar\/web\/wp-content\/uploads\/2022\/01\/Incendio-1536x864.jpg 1536w, https:\/\/www.revistarescatados.com.ar\/web\/wp-content\/uploads\/2022\/01\/Incendio.jpg 1599w\" sizes=\"(max-width: 1024px) 100vw, 1024px\" \/><\/figure>\n\n\n\n<p>Las densas columnas de humo se elevaban en el mediod\u00eda del jueves 13 de enero. El incendio tuvo lugar en un predio del Vivero Jonat\u00e1n de la familia Matiazzi, lindero al vertedero a cielo abierto de residuos urbanos que suele arder con frecuencia.<\/p>\n\n\n\n<iframe loading=\"lazy\" src=\"https:\/\/www.facebook.com\/plugins\/video.php?height=476&#038;href=https%3A%2F%2Fwww.facebook.com%2FVivalaradioLA95%2Fvideos%2F357039469107961%2F&#038;show_text=false&#038;width=261&#038;t=0\" width=\"261\" height=\"476\" style=\"border:none;overflow:hidden\" scrolling=\"no\" frameborder=\"0\" allowfullscreen=\"true\" allow=\"autoplay; clipboard-write; encrypted-media; picture-in-picture; web-share\" allowFullScreen=\"true\"><\/iframe>\n\n\n\n<p>Al lugar arribaron dotaciones de bomberos voluntarios para controlar el fuego en la vegetaci\u00f3n; especialmente en una plantaci\u00f3n de palmeras de gran porte. Adem\u00e1s un tractor con un arado, hizo un cortafuego en la zona para que no sigan expandi\u00e9ndose las llamas. El foco \u00edgneo provoc\u00f3 serios da\u00f1os en la plantaci\u00f3n.<\/p>\n\n\n\n<iframe loading=\"lazy\" src=\"https:\/\/www.facebook.com\/plugins\/video.php?height=476&#038;href=https%3A%2F%2Fwww.facebook.com%2FVivalaradioLA95%2Fvideos%2F1088602775236819%2F&#038;show_text=false&#038;width=261&#038;t=0\" width=\"261\" height=\"476\" style=\"border:none;overflow:hidden\" scrolling=\"no\" frameborder=\"0\" allowfullscreen=\"true\" allow=\"autoplay; clipboard-write; encrypted-media; picture-in-picture; web-share\" allowFullScreen=\"true\"><\/iframe>\n\n\n\n<p>Foto y videos: Walter Cardonatti<\/p>\n","protected":false},"excerpt":{"rendered":"<p>El siniestro ocurri\u00f3 este jueves al mediod\u00eda en la zona periurbana al norte de la ciudad. Con la intervenci\u00f3n de los bomberos voluntarios fue sofocado el fuego que ocasion\u00f3 un grave da\u00f1o&#46;&#46;&#46;<\/p>\n","protected":false},"author":1,"featured_media":16291,"comment_status":"closed","ping_status":"closed","sticky":false,"template":"","format":"standard","meta":[],"categories":[2,3,16,8],"tags":[],"_links":{"self":[{"href":"https:\/\/www.revistarescatados.com.ar\/web\/wp-json\/wp\/v2\/posts\/16290"}],"collection":[{"href":"https:\/\/www.revistarescatados.com.ar\/web\/wp-json\/wp\/v2\/posts"}],"about":[{"href":"https:\/\/www.revistarescatados.com.ar\/web\/wp-json\/wp\/v2\/types\/post"}],"author":[{"embeddable":true,"href":"https:\/\/www.revistarescatados.com.ar\/web\/wp-json\/wp\/v2\/users\/1"}],"replies":[{"embeddable":true,"href":"https:\/\/www.revistarescatados.com.ar\/web\/wp-json\/wp\/v2\/comments?post=16290"}],"version-history":[{"count":1,"href":"https:\/\/www.revistarescatados.com.ar\/web\/wp-json\/wp\/v2\/posts\/16290\/revisions"}],"predecessor-version":[{"id":16292,"href":"https:\/\/www.revistarescatados.com.ar\/web\/wp-json\/wp\/v2\/posts\/16290\/revisions\/16292"}],"wp:featuredmedia":[{"embeddable":true,"href":"https:\/\/www.revistarescatados.com.ar\/web\/wp-json\/wp\/v2\/media\/16291"}],"wp:attachment":[{"href":"https:\/\/www.revistarescatados.com.ar\/web\/wp-json\/wp\/v2\/media?parent=16290"}],"wp:term":[{"taxonomy":"category","embeddable":true,"href":"https:\/\/www.revistarescatados.com.ar\/web\/wp-json\/wp\/v2\/categories?post=16290"},{"taxonomy":"post_tag","embeddable":true,"href":"https:\/\/www.revistarescatados.com.ar\/web\/wp-json\/wp\/v2\/tags?post=16290"}],"curies":[{"name":"wp","href":"https:\/\/api.w.org\/{rel}","templated":true}]}}