{"id":16300,"date":"2022-01-14T23:44:23","date_gmt":"2022-01-15T02:44:23","guid":{"rendered":"https:\/\/www.revistarescatados.com.ar\/web\/?p=16300"},"modified":"2022-01-14T23:44:29","modified_gmt":"2022-01-15T02:44:29","slug":"piden-racionalizar-el-uso-de-agua-potable-las-napas-descendieron-mas-de-30-metros-en-calchaqui","status":"publish","type":"post","link":"https:\/\/www.revistarescatados.com.ar\/web\/2022\/01\/14\/piden-racionalizar-el-uso-de-agua-potable-las-napas-descendieron-mas-de-30-metros-en-calchaqui\/","title":{"rendered":"Piden racionalizar el uso de agua potable: las napas descendieron m\u00e1s de 30 metros en Calchaqu\u00ed"},"content":{"rendered":"\n<p><\/p>\n\n\n\n<p><strong><span class=\"has-inline-color has-vivid-red-color\">Por la intensa sequ\u00eda y ola de calor, es cada vez m\u00e1s acuciante cuidar el recurso natural subterr\u00e1neo. La situaci\u00f3n se agudiza por los incrementos de costos y una alta tasa de morosidad en el pago de un servicio b\u00e1sico para la vida cotidiana.<\/span><\/strong><\/p>\n\n\n\n<figure class=\"wp-block-image size-full is-resized\"><img loading=\"lazy\" src=\"http:\/\/www.revistarescatados.com.ar\/web\/wp-content\/uploads\/2018\/08\/agua.jpg\" alt=\"\" class=\"wp-image-1436\" width=\"683\" height=\"366\" srcset=\"https:\/\/www.revistarescatados.com.ar\/web\/wp-content\/uploads\/2018\/08\/agua.jpg 590w, https:\/\/www.revistarescatados.com.ar\/web\/wp-content\/uploads\/2018\/08\/agua-300x161.jpg 300w\" sizes=\"(max-width: 683px) 100vw, 683px\" \/><\/figure>\n\n\n\n<p>Las alt\u00edsimas temperaturas del verano pusieron en jaque al servicio el\u00e9ctrico que se mantuvo cortado por cerca de 9 horas este jueves como tambi\u00e9n afecta la provisi\u00f3n del agua potable en la ciudad. La Cooperativa de Agua Potable de Calchaqu\u00ed Ltda. es la prestataria del servicio desde su inauguraci\u00f3n en diciembre del a\u00f1o 1977.<\/p>\n\n\n\n<p>Consultamos a la actual presidente del Concejo de Administraci\u00f3n \u2013 Stella Baroni &#8211; &nbsp;&nbsp;sobre la realidad que atraviesa la instituci\u00f3n en esta coyuntura. Los tanques de Santa Rosa y Guadalupe cuentan con equipos generadores para mantener la presi\u00f3n ante una interrupci\u00f3n del servicio el\u00e9ctrico, no as\u00ed el tanque principal de barrio Moreno. Sin embargo, por el sistema \u201canillado\u201d e interconectado, se puede mantener la provisi\u00f3n ante una contingencia. El sistema se provee de 7 perforaciones, de las cuales una est\u00e1 fuera de servicio y hace un a\u00f1o se solicit\u00f3 su reparaci\u00f3n y hay otras 2 que est\u00e1n \u201ctrabajando a media m\u00e1quina\u201d.<\/p>\n\n\n\n<p>Entonces, \u00bfpor qu\u00e9 el jueves se cort\u00f3 el servicio de agua?. La respuesta es simple: por un uso no racional de los usuarios del vital elemento. Preocupa el bajo nivel de las napas subterr\u00e1neas, que ya han descendido m\u00e1s de 30 metros por la falta de lluvias.<\/p>\n\n\n\n<p>Cabe destacar que Calchaqu\u00ed a\u00fan no est\u00e1 conectado al Acueducto Reconquista, que tambi\u00e9n ha evidenciado algunas fallas en su funcionamiento en la regi\u00f3n y es afectado por la bajante del rio. La conexi\u00f3n al acueducto triplicar\u00eda los costos del servicio para los usuarios. Actualmente el servicio b\u00e1sico bimestral es de $799, el m\u00e1s bajo de la regi\u00f3n. Sin embargo, un 40% de los usuarios se encuentra en estado de morosidad, lo que implicar\u00eda que m\u00e1s de 6 millones de pesos \u201cest\u00e1n en la calle\u201d, frente a un escenario de inflaci\u00f3n de costos.<\/p>\n","protected":false},"excerpt":{"rendered":"<p>Por la intensa sequ\u00eda y ola de calor, es cada vez m\u00e1s acuciante cuidar el recurso natural subterr\u00e1neo. La situaci\u00f3n se agudiza por los incrementos de costos y una alta tasa de&#46;&#46;&#46;<\/p>\n","protected":false},"author":1,"featured_media":1436,"comment_status":"closed","ping_status":"closed","sticky":false,"template":"","format":"standard","meta":[],"categories":[2,3,16,8],"tags":[],"_links":{"self":[{"href":"https:\/\/www.revistarescatados.com.ar\/web\/wp-json\/wp\/v2\/posts\/16300"}],"collection":[{"href":"https:\/\/www.revistarescatados.com.ar\/web\/wp-json\/wp\/v2\/posts"}],"about":[{"href":"https:\/\/www.revistarescatados.com.ar\/web\/wp-json\/wp\/v2\/types\/post"}],"author":[{"embeddable":true,"href":"https:\/\/www.revistarescatados.com.ar\/web\/wp-json\/wp\/v2\/users\/1"}],"replies":[{"embeddable":true,"href":"https:\/\/www.revistarescatados.com.ar\/web\/wp-json\/wp\/v2\/comments?post=16300"}],"version-history":[{"count":1,"href":"https:\/\/www.revistarescatados.com.ar\/web\/wp-json\/wp\/v2\/posts\/16300\/revisions"}],"predecessor-version":[{"id":16301,"href":"https:\/\/www.revistarescatados.com.ar\/web\/wp-json\/wp\/v2\/posts\/16300\/revisions\/16301"}],"wp:featuredmedia":[{"embeddable":true,"href":"https:\/\/www.revistarescatados.com.ar\/web\/wp-json\/wp\/v2\/media\/1436"}],"wp:attachment":[{"href":"https:\/\/www.revistarescatados.com.ar\/web\/wp-json\/wp\/v2\/media?parent=16300"}],"wp:term":[{"taxonomy":"category","embeddable":true,"href":"https:\/\/www.revistarescatados.com.ar\/web\/wp-json\/wp\/v2\/categories?post=16300"},{"taxonomy":"post_tag","embeddable":true,"href":"https:\/\/www.revistarescatados.com.ar\/web\/wp-json\/wp\/v2\/tags?post=16300"}],"curies":[{"name":"wp","href":"https:\/\/api.w.org\/{rel}","templated":true}]}}