{"id":16312,"date":"2022-01-18T00:11:51","date_gmt":"2022-01-18T03:11:51","guid":{"rendered":"https:\/\/www.revistarescatados.com.ar\/web\/?p=16312"},"modified":"2022-01-18T00:11:57","modified_gmt":"2022-01-18T03:11:57","slug":"fabian-bastia-hay-productores-que-tienen-importantes-perdidas-inclusive-totales","status":"publish","type":"post","link":"https:\/\/www.revistarescatados.com.ar\/web\/2022\/01\/18\/fabian-bastia-hay-productores-que-tienen-importantes-perdidas-inclusive-totales\/","title":{"rendered":"Fabi\u00e1n Bast\u00eda: &#8220;Hay productores que tienen importantes p\u00e9rdidas, inclusive totales&#8221;"},"content":{"rendered":"\n<p><strong><span class=\"has-inline-color has-vivid-red-color\">El diputado provincial Fabi\u00e1n Bastia, que integra el bloque UCR Evoluci\u00f3n, se mostr\u00f3 preocupado por la situaci\u00f3n que atraviesa el sector agropecuario santafesino ante la falta de lluvias. \u201cHay productores que tienen importantes p\u00e9rdidas, inclusive hasta totales, en sus siembras o pasturas\u201d, manifest\u00f3 Bastia.<\/span><\/strong><\/p>\n\n\n\n<figure class=\"wp-block-image size-full\"><img loading=\"lazy\" width=\"876\" height=\"589\" src=\"http:\/\/www.revistarescatados.com.ar\/web\/wp-content\/uploads\/2021\/06\/Bastia-en-la-camara-1.jpg\" alt=\"\" class=\"wp-image-14425\" srcset=\"https:\/\/www.revistarescatados.com.ar\/web\/wp-content\/uploads\/2021\/06\/Bastia-en-la-camara-1.jpg 876w, https:\/\/www.revistarescatados.com.ar\/web\/wp-content\/uploads\/2021\/06\/Bastia-en-la-camara-1-300x202.jpg 300w, https:\/\/www.revistarescatados.com.ar\/web\/wp-content\/uploads\/2021\/06\/Bastia-en-la-camara-1-768x516.jpg 768w\" sizes=\"(max-width: 876px) 100vw, 876px\" \/><\/figure>\n\n\n\n<p>\u201cLa declaraci\u00f3n de emergencia econ\u00f3mica es una herramienta que el gobernador tiene a su alcance, que le permitir\u00eda generar aportes y soluciones a los problemas urgentes que tiene hoy el campo santafesino\u201d, indic\u00f3 Fabi\u00e1n Bastia.<\/p>\n\n\n\n<p>En ese sentido el presidente del bloque de UCR Evoluci\u00f3n, Maxi Pullaro, se\u00f1al\u00f3 tambi\u00e9n su preocupaci\u00f3n por la actual situaci\u00f3n del campo ante esta sequ\u00eda hist\u00f3rica por la que se atraviesa.<\/p>\n\n\n\n<p>El legislador expres\u00f3 sobre la emergencia agropecuaria que \u201cresulta muy dif\u00edcil comprender por qu\u00e9 todav\u00eda no hay un acto de gesti\u00f3n en ese sentido, mientas los productores y la provincia en su conjunto seguimos siendo afectados por esta sequ\u00eda hist\u00f3rica.\u201d<\/p>\n\n\n\n<p>Los legisladores de UCR Evoluci\u00f3n enfatizaron la necesidad de modificar la actual Ley de Emergencia Agropecuaria, sosteniendo que la misma \u201cresulta obsoleta, burocr\u00e1tica y brinda pocas soluciones reales a los productores afectados\u201d. Adem\u00e1s, proponen \u201cavanzar en un sistema moderno de seguros que funcionen casi autom\u00e1ticamente, tomando los ejemplos que funcionan en otros pa\u00edses\u201d.<\/p>\n","protected":false},"excerpt":{"rendered":"<p>El diputado provincial Fabi\u00e1n Bastia, que integra el bloque UCR Evoluci\u00f3n, se mostr\u00f3 preocupado por la situaci\u00f3n que atraviesa el sector agropecuario santafesino ante la falta de lluvias. \u201cHay productores que tienen&#46;&#46;&#46;<\/p>\n","protected":false},"author":1,"featured_media":14425,"comment_status":"closed","ping_status":"closed","sticky":false,"template":"","format":"standard","meta":[],"categories":[16,13,12,8],"tags":[],"_links":{"self":[{"href":"https:\/\/www.revistarescatados.com.ar\/web\/wp-json\/wp\/v2\/posts\/16312"}],"collection":[{"href":"https:\/\/www.revistarescatados.com.ar\/web\/wp-json\/wp\/v2\/posts"}],"about":[{"href":"https:\/\/www.revistarescatados.com.ar\/web\/wp-json\/wp\/v2\/types\/post"}],"author":[{"embeddable":true,"href":"https:\/\/www.revistarescatados.com.ar\/web\/wp-json\/wp\/v2\/users\/1"}],"replies":[{"embeddable":true,"href":"https:\/\/www.revistarescatados.com.ar\/web\/wp-json\/wp\/v2\/comments?post=16312"}],"version-history":[{"count":1,"href":"https:\/\/www.revistarescatados.com.ar\/web\/wp-json\/wp\/v2\/posts\/16312\/revisions"}],"predecessor-version":[{"id":16313,"href":"https:\/\/www.revistarescatados.com.ar\/web\/wp-json\/wp\/v2\/posts\/16312\/revisions\/16313"}],"wp:featuredmedia":[{"embeddable":true,"href":"https:\/\/www.revistarescatados.com.ar\/web\/wp-json\/wp\/v2\/media\/14425"}],"wp:attachment":[{"href":"https:\/\/www.revistarescatados.com.ar\/web\/wp-json\/wp\/v2\/media?parent=16312"}],"wp:term":[{"taxonomy":"category","embeddable":true,"href":"https:\/\/www.revistarescatados.com.ar\/web\/wp-json\/wp\/v2\/categories?post=16312"},{"taxonomy":"post_tag","embeddable":true,"href":"https:\/\/www.revistarescatados.com.ar\/web\/wp-json\/wp\/v2\/tags?post=16312"}],"curies":[{"name":"wp","href":"https:\/\/api.w.org\/{rel}","templated":true}]}}