{"id":16315,"date":"2022-01-18T23:15:33","date_gmt":"2022-01-19T02:15:33","guid":{"rendered":"https:\/\/www.revistarescatados.com.ar\/web\/?p=16315"},"modified":"2022-01-18T23:15:38","modified_gmt":"2022-01-19T02:15:38","slug":"perotti-firmo-el-decreto-que-declara-la-emergencia-agropecuaria","status":"publish","type":"post","link":"https:\/\/www.revistarescatados.com.ar\/web\/2022\/01\/18\/perotti-firmo-el-decreto-que-declara-la-emergencia-agropecuaria\/","title":{"rendered":"Perotti firm\u00f3 el decreto que declara la emergencia agropecuaria"},"content":{"rendered":"\n<p><\/p>\n\n\n\n<p><strong><span class=\"has-inline-color has-vivid-red-color\">Como consecuencia de la sequ\u00eda, la medida se extender\u00e1 hasta el pr\u00f3ximo 30 de junio en toda la provincia, a excepci\u00f3n del departamento General L\u00f3pez. \u201cEn los momentos duros, el Estado tiene que estar a la par\u201d, dijo el gobernador santafesino.<\/span><\/strong><\/p>\n\n\n\n<figure class=\"wp-block-image size-large\"><img loading=\"lazy\" width=\"1024\" height=\"683\" src=\"https:\/\/www.revistarescatados.com.ar\/web\/wp-content\/uploads\/2022\/01\/decreto-Perotti-1024x683.jpg\" alt=\"\" class=\"wp-image-16316\" srcset=\"https:\/\/www.revistarescatados.com.ar\/web\/wp-content\/uploads\/2022\/01\/decreto-Perotti-1024x683.jpg 1024w, https:\/\/www.revistarescatados.com.ar\/web\/wp-content\/uploads\/2022\/01\/decreto-Perotti-300x200.jpg 300w, https:\/\/www.revistarescatados.com.ar\/web\/wp-content\/uploads\/2022\/01\/decreto-Perotti-768x512.jpg 768w, https:\/\/www.revistarescatados.com.ar\/web\/wp-content\/uploads\/2022\/01\/decreto-Perotti-1536x1024.jpg 1536w, https:\/\/www.revistarescatados.com.ar\/web\/wp-content\/uploads\/2022\/01\/decreto-Perotti-2048x1365.jpg 2048w\" sizes=\"(max-width: 1024px) 100vw, 1024px\" \/><\/figure>\n\n\n\n<p>El gobernador Omar Perotti firm\u00f3 este martes el decreto N\u00ba 0020 que declara la situaci\u00f3n de Emergencia y\/o Desastre Agropecuaria en toda la provincia de Santa Fe, a excepci\u00f3n del departamento General L\u00f3pez, como consecuencia de la sequ\u00eda.<\/p>\n\n\n\n<p>La emergencia, cuya norma lleva tambi\u00e9n las firmas de los ministros de Producci\u00f3n, Ciencia y Tecnolog\u00eda, Daniel Costamagna, y de Econom\u00eda, Walter Agosto, abarca desde el 1 de enero hasta el 30 de junio de 2022, a las explotaciones agr\u00edcolas extensivas y a la ganader\u00eda en general afectadas por la sequ\u00eda.<\/p>\n\n\n\n<figure class=\"wp-block-embed is-type-rich is-provider-gestor-del-servicio wp-block-embed-gestor-del-servicio\"><div class=\"wp-block-embed__wrapper\">\n<div style=\"width: 640px;\" class=\"wp-video\"><!--[if lt IE 9]><script>document.createElement('video');<\/script><![endif]-->\n<video class=\"wp-video-shortcode\" id=\"video-16315-1\" width=\"640\" height=\"360\" preload=\"metadata\" controls=\"controls\"><source type=\"video\/mp4\" src=\"https:\/\/www.santafe.gov.ar\/noticias\/recursos\/videosHD\/2022\/01\/2022-01-18NID_273623O_1.mp4?_=1\" \/><a href=\"https:\/\/www.santafe.gov.ar\/noticias\/recursos\/videosHD\/2022\/01\/2022-01-18NID_273623O_1.mp4\">https:\/\/www.santafe.gov.ar\/noticias\/recursos\/videosHD\/2022\/01\/2022-01-18NID_273623O_1.mp4<\/a><\/video><\/div>\n<\/div><\/figure>\n\n\n\n<p>La decisi\u00f3n se tom\u00f3 luego de la visita del ministro de Agricultura, Ganader\u00eda y Pesca de la Naci\u00f3n, Juli\u00e1n Dom\u00ednguez, quien el pasado s\u00e1bado, acompa\u00f1ado por el gobernador, recorri\u00f3 algunos de los establecimientos rurales m\u00e1s afectados por este fen\u00f3meno; y de la reuni\u00f3n de la Comisi\u00f3n Provincial de Emergencia Agropecuaria, que este lunes analiz\u00f3 el impacto que ha tenido la falta de precipitaciones y las altas temperaturas en la producci\u00f3n santafesina y, a partir de dicho diagn\u00f3stico, se planificaron medidas a adoptar para paliar sus consecuencias.<\/p>\n\n\n\n<p>Tras firmar el decreto, el gobernador explic\u00f3 que la emergencia se extender\u00e1 inicialmente hasta mediados de marzo porque \u201ces el per\u00edodo en el que todos los productores damnificados pueden presentar su solicitud. Entendemos que es la forma de estar acompa\u00f1ando este momento duro y dif\u00edcil que muchos productores santafesinos est\u00e1n sufriendo\u201d.<\/p>\n\n\n\n<p>Los productores deber\u00e1n iniciar los tr\u00e1mites a trav\u00e9s del Sistema Santafesino de Gesti\u00f3n de Situaciones de Emergencia Agropecuaria (Sisagea). Adem\u00e1s, la norma establece que hasta el 15 de marzo pueden presentar a trav\u00e9s de la p\u00e1gina web del gobierno provincial, www.santafe.gob.ar, los formularios de declaraciones juradas que disponga el Ministerio de Producci\u00f3n, Ciencia y Tecnolog\u00eda.<\/p>\n\n\n\n<p>A continuaci\u00f3n, Perotti indic\u00f3 que \u201cla recorrida del fin de semana con el ministro (Juli\u00e1n Dom\u00ednguez) tuvo ese objetivo, que las autoridades nacionales puedan ver directamente c\u00f3mo es la magnitud de la situaci\u00f3n en el territorio provincial, y acompa\u00f1ar al productor en este momento\u201d.<\/p>\n\n\n\n<p>Al respecto, el mandatario provincial asegur\u00f3 que \u201cen los momentos duros el Estado tiene que estar a la par, y esta es la forma en la que sentimos acompa\u00f1ar a los sectores de la producci\u00f3n y el trabajo. Que nadie lo dude: all\u00ed va a estar siempre el gobierno de la provincia\u201d.<\/p>\n\n\n\n<p>Por \u00faltimo, el decreto prorroga el vencimiento de las cuotas 1, 2 y 3 de los impuestos inmobiliarios rural y urbano, a los productores que posean certificados de emergencia agropecuaria.<\/p>\n\n\n\n<figure class=\"wp-block-embed is-type-rich is-provider-gestor-del-servicio wp-block-embed-gestor-del-servicio\"><div class=\"wp-block-embed__wrapper\">\n<!--[if lt IE 9]><script>document.createElement('audio');<\/script><![endif]-->\n<audio class=\"wp-audio-shortcode\" id=\"audio-16315-1\" preload=\"none\" style=\"width: 100%;\" controls=\"controls\"><source type=\"audio\/mpeg\" src=\"https:\/\/www.santafe.gov.ar\/noticias\/recursos\/audios\/2022\/01\/2022-01-18NID_273623O_1.mp3?_=1\" \/><a href=\"https:\/\/www.santafe.gov.ar\/noticias\/recursos\/audios\/2022\/01\/2022-01-18NID_273623O_1.mp3\">https:\/\/www.santafe.gov.ar\/noticias\/recursos\/audios\/2022\/01\/2022-01-18NID_273623O_1.mp3<\/a><\/audio>\n<\/div><\/figure>\n","protected":false},"excerpt":{"rendered":"<p>Como consecuencia de la sequ\u00eda, la medida se extender\u00e1 hasta el pr\u00f3ximo 30 de junio en toda la provincia, a excepci\u00f3n del departamento General L\u00f3pez. \u201cEn los momentos duros, el Estado tiene&#46;&#46;&#46;<\/p>\n","protected":false},"author":1,"featured_media":16316,"comment_status":"closed","ping_status":"closed","sticky":false,"template":"","format":"standard","meta":[],"categories":[16,10,12,8],"tags":[],"_links":{"self":[{"href":"https:\/\/www.revistarescatados.com.ar\/web\/wp-json\/wp\/v2\/posts\/16315"}],"collection":[{"href":"https:\/\/www.revistarescatados.com.ar\/web\/wp-json\/wp\/v2\/posts"}],"about":[{"href":"https:\/\/www.revistarescatados.com.ar\/web\/wp-json\/wp\/v2\/types\/post"}],"author":[{"embeddable":true,"href":"https:\/\/www.revistarescatados.com.ar\/web\/wp-json\/wp\/v2\/users\/1"}],"replies":[{"embeddable":true,"href":"https:\/\/www.revistarescatados.com.ar\/web\/wp-json\/wp\/v2\/comments?post=16315"}],"version-history":[{"count":1,"href":"https:\/\/www.revistarescatados.com.ar\/web\/wp-json\/wp\/v2\/posts\/16315\/revisions"}],"predecessor-version":[{"id":16317,"href":"https:\/\/www.revistarescatados.com.ar\/web\/wp-json\/wp\/v2\/posts\/16315\/revisions\/16317"}],"wp:featuredmedia":[{"embeddable":true,"href":"https:\/\/www.revistarescatados.com.ar\/web\/wp-json\/wp\/v2\/media\/16316"}],"wp:attachment":[{"href":"https:\/\/www.revistarescatados.com.ar\/web\/wp-json\/wp\/v2\/media?parent=16315"}],"wp:term":[{"taxonomy":"category","embeddable":true,"href":"https:\/\/www.revistarescatados.com.ar\/web\/wp-json\/wp\/v2\/categories?post=16315"},{"taxonomy":"post_tag","embeddable":true,"href":"https:\/\/www.revistarescatados.com.ar\/web\/wp-json\/wp\/v2\/tags?post=16315"}],"curies":[{"name":"wp","href":"https:\/\/api.w.org\/{rel}","templated":true}]}}