{"id":16352,"date":"2022-01-21T21:55:05","date_gmt":"2022-01-22T00:55:05","guid":{"rendered":"https:\/\/www.revistarescatados.com.ar\/web\/?p=16352"},"modified":"2022-01-21T21:55:11","modified_gmt":"2022-01-22T00:55:11","slug":"un-mayor-y-dos-menores-robaron-pelotas-bebidas-y-hasta-una-carretilla-del-calchaqui-fc","status":"publish","type":"post","link":"https:\/\/www.revistarescatados.com.ar\/web\/2022\/01\/21\/un-mayor-y-dos-menores-robaron-pelotas-bebidas-y-hasta-una-carretilla-del-calchaqui-fc\/","title":{"rendered":"Un mayor y dos menores robaron pelotas, bebidas y hasta una carretilla del Calchaqu\u00ed FC"},"content":{"rendered":"\n<p><strong><span class=\"has-inline-color has-vivid-red-color\">Un m\u00f3vil policial los sorprendi\u00f3 &#8211; en la madrugada del viernes  &#8211; llevando los objetos  que hab\u00edan sido sustra\u00eddos del CFC. Si bien en ese momento lograron fugarse, a la tarde fueron identificados y puestos a disposici\u00f3n de la justicia.<\/span><\/strong><\/p>\n\n\n\n<figure class=\"wp-block-image size-large\"><img loading=\"lazy\" width=\"1024\" height=\"768\" src=\"https:\/\/www.revistarescatados.com.ar\/web\/wp-content\/uploads\/2022\/01\/objetos-recuperados-por-pesonal-de-la-Comisaria-2-da-de-Calchaqui.--1024x768.jpeg\" alt=\"\" class=\"wp-image-16353\" srcset=\"https:\/\/www.revistarescatados.com.ar\/web\/wp-content\/uploads\/2022\/01\/objetos-recuperados-por-pesonal-de-la-Comisaria-2-da-de-Calchaqui.--1024x768.jpeg 1024w, https:\/\/www.revistarescatados.com.ar\/web\/wp-content\/uploads\/2022\/01\/objetos-recuperados-por-pesonal-de-la-Comisaria-2-da-de-Calchaqui.--300x225.jpeg 300w, https:\/\/www.revistarescatados.com.ar\/web\/wp-content\/uploads\/2022\/01\/objetos-recuperados-por-pesonal-de-la-Comisaria-2-da-de-Calchaqui.--768x576.jpeg 768w, https:\/\/www.revistarescatados.com.ar\/web\/wp-content\/uploads\/2022\/01\/objetos-recuperados-por-pesonal-de-la-Comisaria-2-da-de-Calchaqui.-.jpeg 1152w\" sizes=\"(max-width: 1024px) 100vw, 1024px\" \/><\/figure>\n\n\n\n<p>En la madrugada del viernes se inici\u00f3 investigaci\u00f3n penal preparatoria Caratulada a prima facie ROBO CALIFICADO, con intervenci\u00f3n del Fiscal\u00eda N\u00b0 4 de la ciudad de Vera.<\/p>\n\n\n\n<p> Personal de la Comisaria 2da \u2013 Calchaqu\u00ed, aproximadamente las 04 de la madrugada, en momentos en que personal policial realizaba\u00a0 patrullajes preventivos, observan varios elementos ocultos en descampado de la zona.  <\/p>\n\n\n\n<p>Los uniformados observaron a dos j\u00f3venes por Mitre Bis y Ruta 11, que al notar el m\u00f3vil policial se dieron a la fuga. Al realizar un rastrillaje se procedi\u00f3 al secuestro de todos los elementos. <\/p>\n\n\n\n<p>Fueron secuestrados preventivamente\u00a0 y de diligencias investigativas establecen que\u00a0 los elementos fueron sustra\u00eddos\u00a0 del Calchaqu\u00ed FC. Se prosiguen diligencias a los fines de establecer el o los causales del robo.-<\/p>\n\n\n\n<p>Finalmente en la tarde del viernes fueron aprehendidos un mayor residente de otra localidad y dos menores domiciliados en la nuestra ciudad.<\/p>\n","protected":false},"excerpt":{"rendered":"<p>Un m\u00f3vil policial los sorprendi\u00f3 &#8211; en la madrugada del viernes &#8211; llevando los objetos que hab\u00edan sido sustra\u00eddos del CFC. Si bien en ese momento lograron fugarse, a la tarde fueron&#46;&#46;&#46;<\/p>\n","protected":false},"author":1,"featured_media":16353,"comment_status":"closed","ping_status":"closed","sticky":false,"template":"","format":"standard","meta":[],"categories":[2,3,16,11],"tags":[],"_links":{"self":[{"href":"https:\/\/www.revistarescatados.com.ar\/web\/wp-json\/wp\/v2\/posts\/16352"}],"collection":[{"href":"https:\/\/www.revistarescatados.com.ar\/web\/wp-json\/wp\/v2\/posts"}],"about":[{"href":"https:\/\/www.revistarescatados.com.ar\/web\/wp-json\/wp\/v2\/types\/post"}],"author":[{"embeddable":true,"href":"https:\/\/www.revistarescatados.com.ar\/web\/wp-json\/wp\/v2\/users\/1"}],"replies":[{"embeddable":true,"href":"https:\/\/www.revistarescatados.com.ar\/web\/wp-json\/wp\/v2\/comments?post=16352"}],"version-history":[{"count":1,"href":"https:\/\/www.revistarescatados.com.ar\/web\/wp-json\/wp\/v2\/posts\/16352\/revisions"}],"predecessor-version":[{"id":16354,"href":"https:\/\/www.revistarescatados.com.ar\/web\/wp-json\/wp\/v2\/posts\/16352\/revisions\/16354"}],"wp:featuredmedia":[{"embeddable":true,"href":"https:\/\/www.revistarescatados.com.ar\/web\/wp-json\/wp\/v2\/media\/16353"}],"wp:attachment":[{"href":"https:\/\/www.revistarescatados.com.ar\/web\/wp-json\/wp\/v2\/media?parent=16352"}],"wp:term":[{"taxonomy":"category","embeddable":true,"href":"https:\/\/www.revistarescatados.com.ar\/web\/wp-json\/wp\/v2\/categories?post=16352"},{"taxonomy":"post_tag","embeddable":true,"href":"https:\/\/www.revistarescatados.com.ar\/web\/wp-json\/wp\/v2\/tags?post=16352"}],"curies":[{"name":"wp","href":"https:\/\/api.w.org\/{rel}","templated":true}]}}