{"id":16355,"date":"2022-01-21T22:03:34","date_gmt":"2022-01-22T01:03:34","guid":{"rendered":"https:\/\/www.revistarescatados.com.ar\/web\/?p=16355"},"modified":"2022-01-21T22:03:39","modified_gmt":"2022-01-22T01:03:39","slug":"asumio-el-nuevo-jefe-de-la-unidad-regional-19-de-policia","status":"publish","type":"post","link":"https:\/\/www.revistarescatados.com.ar\/web\/2022\/01\/21\/asumio-el-nuevo-jefe-de-la-unidad-regional-19-de-policia\/","title":{"rendered":"Asumi\u00f3 el nuevo jefe de la Unidad Regional 19 de polic\u00eda"},"content":{"rendered":"\n<p><strong><span class=\"has-inline-color has-vivid-red-color\">Este jueves se realiz\u00f3  la ceremonia de asunci\u00f3n y puesta en funciones del nuevo jefe de URXIX, Sub Director de Polic\u00eda Omar Gustavo Duarte. Del acto particip\u00f3 el senador provincial Osvaldo Sosa, entre otras autoridades.<\/span><\/strong><\/p>\n\n\n\n<figure class=\"wp-block-image size-large\"><img loading=\"lazy\" width=\"1024\" height=\"768\" src=\"https:\/\/www.revistarescatados.com.ar\/web\/wp-content\/uploads\/2022\/01\/autoridades-1-1024x768.jpeg\" alt=\"\" class=\"wp-image-16356\" srcset=\"https:\/\/www.revistarescatados.com.ar\/web\/wp-content\/uploads\/2022\/01\/autoridades-1-1024x768.jpeg 1024w, https:\/\/www.revistarescatados.com.ar\/web\/wp-content\/uploads\/2022\/01\/autoridades-1-300x225.jpeg 300w, https:\/\/www.revistarescatados.com.ar\/web\/wp-content\/uploads\/2022\/01\/autoridades-1-768x576.jpeg 768w, https:\/\/www.revistarescatados.com.ar\/web\/wp-content\/uploads\/2022\/01\/autoridades-1-1536x1152.jpeg 1536w, https:\/\/www.revistarescatados.com.ar\/web\/wp-content\/uploads\/2022\/01\/autoridades-1.jpeg 1600w\" sizes=\"(max-width: 1024px) 100vw, 1024px\" \/><\/figure>\n\n\n\n<p><br>De la ceremonia participaron,   el Sub Jefe de Polic\u00eda de la Provincia Director General de Polic\u00eda, Diego Germ\u00e1n Gonz\u00e1lez  el Sr. Secretario de Gesti\u00f3n Institucional y Social de la Seguridad, Magister Bruno Rossini, el Sr. Sub Secretario de Seguridad Preventiva Comisario Mayor Gustavo Pucheta, la Intendente Municipal de la ciudad de Vera. Ing. Paula Carolina Mitre, el Director de la Guardia Rural Los Pumas Director de Polic\u00eda Adri\u00e1n Roland, el Jefe saliente de la URXIX, Sub Director de Polic\u00eda Daniel Gustavo Borovachi, jefes de Plana Mayor y Especial de la Jefatura Departamental.<\/p>\n\n\n\n<p><br>&#8220;Queremos desearle lo mejor en esta nueva etapa y agradecer por su labor al Sub Director de Polic\u00eda Daniel Gustavo Borovachi&#8221;, destac\u00b4\u00f1o el senador Osvaldo Sosa. <\/p>\n\n\n\n<p>&#8220;Tambi\u00e9n darle la bienvenida al Sub Director de Polic\u00eda Omar Gustavo Duarte con el compromiso de trabajar todos juntos con el objetivo de construir todos los d\u00edas un lugar m\u00e1s seguro para la comunidad&#8221;, finaliz\u00f3 Sosa.<\/p>\n","protected":false},"excerpt":{"rendered":"<p>Este jueves se realiz\u00f3 la ceremonia de asunci\u00f3n y puesta en funciones del nuevo jefe de URXIX, Sub Director de Polic\u00eda Omar Gustavo Duarte. Del acto particip\u00f3 el senador provincial Osvaldo Sosa,&#46;&#46;&#46;<\/p>\n","protected":false},"author":1,"featured_media":16356,"comment_status":"closed","ping_status":"closed","sticky":false,"template":"","format":"standard","meta":[],"categories":[3,16,10,11],"tags":[],"_links":{"self":[{"href":"https:\/\/www.revistarescatados.com.ar\/web\/wp-json\/wp\/v2\/posts\/16355"}],"collection":[{"href":"https:\/\/www.revistarescatados.com.ar\/web\/wp-json\/wp\/v2\/posts"}],"about":[{"href":"https:\/\/www.revistarescatados.com.ar\/web\/wp-json\/wp\/v2\/types\/post"}],"author":[{"embeddable":true,"href":"https:\/\/www.revistarescatados.com.ar\/web\/wp-json\/wp\/v2\/users\/1"}],"replies":[{"embeddable":true,"href":"https:\/\/www.revistarescatados.com.ar\/web\/wp-json\/wp\/v2\/comments?post=16355"}],"version-history":[{"count":1,"href":"https:\/\/www.revistarescatados.com.ar\/web\/wp-json\/wp\/v2\/posts\/16355\/revisions"}],"predecessor-version":[{"id":16357,"href":"https:\/\/www.revistarescatados.com.ar\/web\/wp-json\/wp\/v2\/posts\/16355\/revisions\/16357"}],"wp:featuredmedia":[{"embeddable":true,"href":"https:\/\/www.revistarescatados.com.ar\/web\/wp-json\/wp\/v2\/media\/16356"}],"wp:attachment":[{"href":"https:\/\/www.revistarescatados.com.ar\/web\/wp-json\/wp\/v2\/media?parent=16355"}],"wp:term":[{"taxonomy":"category","embeddable":true,"href":"https:\/\/www.revistarescatados.com.ar\/web\/wp-json\/wp\/v2\/categories?post=16355"},{"taxonomy":"post_tag","embeddable":true,"href":"https:\/\/www.revistarescatados.com.ar\/web\/wp-json\/wp\/v2\/tags?post=16355"}],"curies":[{"name":"wp","href":"https:\/\/api.w.org\/{rel}","templated":true}]}}