{"id":16422,"date":"2022-01-31T10:40:33","date_gmt":"2022-01-31T13:40:33","guid":{"rendered":"https:\/\/www.revistarescatados.com.ar\/web\/?p=16422"},"modified":"2022-01-31T10:40:41","modified_gmt":"2022-01-31T13:40:41","slug":"volco-el-acoplado-de-un-camion-cargado-con-cereales-en-calchaqui","status":"publish","type":"post","link":"https:\/\/www.revistarescatados.com.ar\/web\/2022\/01\/31\/volco-el-acoplado-de-un-camion-cargado-con-cereales-en-calchaqui\/","title":{"rendered":"Volc\u00f3 el acoplado de un cami\u00f3n cargado con cereales en Calchaqu\u00ed"},"content":{"rendered":"\n<p><\/p>\n\n\n\n<p><strong><span class=\"has-inline-color has-vivid-red-color\">El siniestro vial sin la intervenci\u00f3n de terceros ocurri\u00f3 en la curva de ingreso norte a la ciudad durante la ma\u00f1ana del domingo. El cami\u00f3n transportaba soja hacia Rosario.<\/span><\/strong><\/p>\n\n\n\n<figure class=\"wp-block-image size-large\"><img loading=\"lazy\" width=\"1024\" height=\"768\" src=\"https:\/\/www.revistarescatados.com.ar\/web\/wp-content\/uploads\/2022\/01\/vuelco-1024x768.jpg\" alt=\"\" class=\"wp-image-16423\" srcset=\"https:\/\/www.revistarescatados.com.ar\/web\/wp-content\/uploads\/2022\/01\/vuelco-1024x768.jpg 1024w, https:\/\/www.revistarescatados.com.ar\/web\/wp-content\/uploads\/2022\/01\/vuelco-300x225.jpg 300w, https:\/\/www.revistarescatados.com.ar\/web\/wp-content\/uploads\/2022\/01\/vuelco-768x576.jpg 768w, https:\/\/www.revistarescatados.com.ar\/web\/wp-content\/uploads\/2022\/01\/vuelco.jpg 1152w\" sizes=\"(max-width: 1024px) 100vw, 1024px\" \/><\/figure>\n\n\n\n<p>En la ma\u00f1ana del domingo 30&nbsp; de enero, sin la intervenci\u00f3n de terceros, volc\u00f3 el acoplado de un cami\u00f3n marca IVECO patente HOB 647 en la curva de ingreso norte a la ciudad, ubicada en el km 676 de la ruta nacional 11.<\/p>\n\n\n\n<p>El trasporte de carga se dirig\u00eda hacia la ciudad de Rosario, atiborrado con cereal soja.<\/p>\n\n\n\n<figure class=\"wp-block-image size-large\"><img loading=\"lazy\" width=\"1024\" height=\"768\" src=\"https:\/\/www.revistarescatados.com.ar\/web\/wp-content\/uploads\/2022\/01\/vuelco-1-1024x768.jpg\" alt=\"\" class=\"wp-image-16424\" srcset=\"https:\/\/www.revistarescatados.com.ar\/web\/wp-content\/uploads\/2022\/01\/vuelco-1-1024x768.jpg 1024w, https:\/\/www.revistarescatados.com.ar\/web\/wp-content\/uploads\/2022\/01\/vuelco-1-300x225.jpg 300w, https:\/\/www.revistarescatados.com.ar\/web\/wp-content\/uploads\/2022\/01\/vuelco-1-768x576.jpg 768w, https:\/\/www.revistarescatados.com.ar\/web\/wp-content\/uploads\/2022\/01\/vuelco-1-1536x1153.jpg 1536w, https:\/\/www.revistarescatados.com.ar\/web\/wp-content\/uploads\/2022\/01\/vuelco-1.jpg 1599w\" sizes=\"(max-width: 1024px) 100vw, 1024px\" \/><\/figure>\n\n\n\n<p>Por el siniestro se mantuvo interrumpido el tr\u00e1nsito vehicular sobre la ruta nacional N\u00ba 11 desde las 09.00 hs hasta las 12.30 aproximadamente.<\/p>\n\n\n\n<p>En el lugar trabaj\u00f3 personal de la Comisar\u00eda II, bomberos voluntarios y personal municipal, quien con maquinaria logr\u00f3 despejar el grano desperdigado sobre la cinta asf\u00e1ltica.<\/p>\n\n\n\n<figure class=\"wp-block-image size-large\"><img loading=\"lazy\" width=\"1024\" height=\"768\" src=\"https:\/\/www.revistarescatados.com.ar\/web\/wp-content\/uploads\/2022\/01\/vuelco-3-1024x768.jpg\" alt=\"\" class=\"wp-image-16425\" srcset=\"https:\/\/www.revistarescatados.com.ar\/web\/wp-content\/uploads\/2022\/01\/vuelco-3-1024x768.jpg 1024w, https:\/\/www.revistarescatados.com.ar\/web\/wp-content\/uploads\/2022\/01\/vuelco-3-300x225.jpg 300w, https:\/\/www.revistarescatados.com.ar\/web\/wp-content\/uploads\/2022\/01\/vuelco-3-768x576.jpg 768w, https:\/\/www.revistarescatados.com.ar\/web\/wp-content\/uploads\/2022\/01\/vuelco-3.jpg 1152w\" sizes=\"(max-width: 1024px) 100vw, 1024px\" \/><\/figure>\n\n\n\n<p>Cabe destacar que en ese sector, el pasado martes 18 de enero durante una copiosa lluvia, tambi\u00e9n se despist\u00f3 un auto con j\u00f3venes de Reconquista que se iban de vacaciones a la provincia de Mendoza.<\/p>\n","protected":false},"excerpt":{"rendered":"<p>El siniestro vial sin la intervenci\u00f3n de terceros ocurri\u00f3 en la curva de ingreso norte a la ciudad durante la ma\u00f1ana del domingo. El cami\u00f3n transportaba soja hacia Rosario. En la ma\u00f1ana&#46;&#46;&#46;<\/p>\n","protected":false},"author":1,"featured_media":16423,"comment_status":"closed","ping_status":"closed","sticky":false,"template":"","format":"standard","meta":[],"categories":[2,3,16,11],"tags":[],"_links":{"self":[{"href":"https:\/\/www.revistarescatados.com.ar\/web\/wp-json\/wp\/v2\/posts\/16422"}],"collection":[{"href":"https:\/\/www.revistarescatados.com.ar\/web\/wp-json\/wp\/v2\/posts"}],"about":[{"href":"https:\/\/www.revistarescatados.com.ar\/web\/wp-json\/wp\/v2\/types\/post"}],"author":[{"embeddable":true,"href":"https:\/\/www.revistarescatados.com.ar\/web\/wp-json\/wp\/v2\/users\/1"}],"replies":[{"embeddable":true,"href":"https:\/\/www.revistarescatados.com.ar\/web\/wp-json\/wp\/v2\/comments?post=16422"}],"version-history":[{"count":1,"href":"https:\/\/www.revistarescatados.com.ar\/web\/wp-json\/wp\/v2\/posts\/16422\/revisions"}],"predecessor-version":[{"id":16426,"href":"https:\/\/www.revistarescatados.com.ar\/web\/wp-json\/wp\/v2\/posts\/16422\/revisions\/16426"}],"wp:featuredmedia":[{"embeddable":true,"href":"https:\/\/www.revistarescatados.com.ar\/web\/wp-json\/wp\/v2\/media\/16423"}],"wp:attachment":[{"href":"https:\/\/www.revistarescatados.com.ar\/web\/wp-json\/wp\/v2\/media?parent=16422"}],"wp:term":[{"taxonomy":"category","embeddable":true,"href":"https:\/\/www.revistarescatados.com.ar\/web\/wp-json\/wp\/v2\/categories?post=16422"},{"taxonomy":"post_tag","embeddable":true,"href":"https:\/\/www.revistarescatados.com.ar\/web\/wp-json\/wp\/v2\/tags?post=16422"}],"curies":[{"name":"wp","href":"https:\/\/api.w.org\/{rel}","templated":true}]}}