{"id":16427,"date":"2022-02-01T22:21:51","date_gmt":"2022-02-02T01:21:51","guid":{"rendered":"https:\/\/www.revistarescatados.com.ar\/web\/?p=16427"},"modified":"2022-02-01T22:21:57","modified_gmt":"2022-02-02T01:21:57","slug":"una-pareja-de-verenses-es-interceptada-con-200-kilos-de-marihuana-en-chaco","status":"publish","type":"post","link":"https:\/\/www.revistarescatados.com.ar\/web\/2022\/02\/01\/una-pareja-de-verenses-es-interceptada-con-200-kilos-de-marihuana-en-chaco\/","title":{"rendered":"Una pareja de verenses es interceptada con 200 kilos de marihuana en Chaco"},"content":{"rendered":"\n<p><strong><span class=\"has-inline-color has-vivid-red-color\">Esta ma\u00f1ana, la polic\u00eda caminera del Chaco &#8211; en el l\u00edmite con la provincia de Santa Fe &#8211;  secuestr\u00f3 251 panes de marihuana transportados en un Ford K. Detuvo a un hombre de 37 a\u00f1os con domicilio en Vera y una mujer de 32 a\u00f1os con domicilio en Calchaqu\u00ed.<\/span><\/strong><\/p>\n\n\n\n<figure class=\"wp-block-image size-full\"><img loading=\"lazy\" width=\"770\" height=\"578\" src=\"https:\/\/www.revistarescatados.com.ar\/web\/wp-content\/uploads\/2022\/02\/secuestro-droga.jpg\" alt=\"\" class=\"wp-image-16428\" srcset=\"https:\/\/www.revistarescatados.com.ar\/web\/wp-content\/uploads\/2022\/02\/secuestro-droga.jpg 770w, https:\/\/www.revistarescatados.com.ar\/web\/wp-content\/uploads\/2022\/02\/secuestro-droga-300x225.jpg 300w, https:\/\/www.revistarescatados.com.ar\/web\/wp-content\/uploads\/2022\/02\/secuestro-droga-768x576.jpg 768w\" sizes=\"(max-width: 770px) 100vw, 770px\" \/><\/figure>\n\n\n\n<p><strong><span class=\"has-inline-color has-vivid-red-color\"><br><\/span><\/strong><br>En la ma\u00f1ana de este martes 1 de febrero de 2022,  personal de la Polic\u00eda Caminera de la Provincia de Chaco realizaba un control vehicular en el Paralelo 28, detuvo la marcha del autom\u00f3vil Ford Ka, de color negro, patente ILO 695.<\/p>\n\n\n\n<p> En el auto circulaban &#8220;Mara Antonela Reinglestein, 32; y Ricardo Luna, 37, ambos domiciliados en la Ciudad de Vera. Mara Reinglestein es oriunda de Calchaqu\u00ed, pero actualmente radicada en la Ciudad de Vera, ya que trabaja como enfermera en el Hospital de esa ciudad&#8221;, inform\u00f3 el portal Reconquista Hoy.<\/p>\n\n\n\n<p>Al inspeccionar el veh\u00edculo, en presencia de testigos, los uniformados observaron a simple vista varios bultos en una bolsa negra, de los cuales emanaba un fuerte olor caracter\u00edstico de la marihuana (Cannabis sativa). Los mismos conten\u00edan una sustancia color verde amarronado<\/p>\n\n\n\n<p>En el hecho intervino la Direcci\u00f3n General de Drogas Peligrosas, que procedi\u00f3 a contar los paquetes, arribando a un total de 251. Posteriormente se realiz\u00f3, en presencia de testigos, el an\u00e1lisis de la sustancia, que arroj\u00f3 un peso total de 200,75 kilos de Cannabis sativa.<\/p>\n\n\n\n<figure class=\"wp-block-image size-full\"><img loading=\"lazy\" width=\"771\" height=\"493\" src=\"https:\/\/www.revistarescatados.com.ar\/web\/wp-content\/uploads\/2022\/02\/secuestro-droga-1.png\" alt=\"\" class=\"wp-image-16429\" srcset=\"https:\/\/www.revistarescatados.com.ar\/web\/wp-content\/uploads\/2022\/02\/secuestro-droga-1.png 771w, https:\/\/www.revistarescatados.com.ar\/web\/wp-content\/uploads\/2022\/02\/secuestro-droga-1-300x192.png 300w, https:\/\/www.revistarescatados.com.ar\/web\/wp-content\/uploads\/2022\/02\/secuestro-droga-1-768x491.png 768w\" sizes=\"(max-width: 771px) 100vw, 771px\" \/><\/figure>\n\n\n\n<p>El juez federal interviniente, Dr. Agust\u00edn Blanco, dispuso que se proceda al secuestro del estupefaciente, de tres tel\u00e9fonos celulares (Samsung J7, Samsung A10 y Motorola E6Plus), $11.430 en efectivo, el veh\u00edculo y la documentaci\u00f3n del mismo, as\u00ed como tambi\u00e9n a la aprehensi\u00f3n de los dos hombres de 32 y 37 a\u00f1os, implicados en la causa por \u201cSupuesta infracci\u00f3n a la Ley N\u00b0 23.737 de Estupefaciente\u201d. Los sujetos fueron trasladados junto a los secuestros a Comisar\u00eda de Basail por razones de jurisdicci\u00f3n.<\/p>\n\n\n\n<p><strong><em>Fuentes: Reconquista Hoy \/ Diario 21tv Chaco<\/em><\/strong><\/p>\n","protected":false},"excerpt":{"rendered":"<p>Esta ma\u00f1ana, la polic\u00eda caminera del Chaco &#8211; en el l\u00edmite con la provincia de Santa Fe &#8211; secuestr\u00f3 251 panes de marihuana transportados en un Ford K. Detuvo a un hombre&#46;&#46;&#46;<\/p>\n","protected":false},"author":1,"featured_media":16428,"comment_status":"closed","ping_status":"closed","sticky":false,"template":"","format":"standard","meta":[],"categories":[2,3,16,11],"tags":[],"_links":{"self":[{"href":"https:\/\/www.revistarescatados.com.ar\/web\/wp-json\/wp\/v2\/posts\/16427"}],"collection":[{"href":"https:\/\/www.revistarescatados.com.ar\/web\/wp-json\/wp\/v2\/posts"}],"about":[{"href":"https:\/\/www.revistarescatados.com.ar\/web\/wp-json\/wp\/v2\/types\/post"}],"author":[{"embeddable":true,"href":"https:\/\/www.revistarescatados.com.ar\/web\/wp-json\/wp\/v2\/users\/1"}],"replies":[{"embeddable":true,"href":"https:\/\/www.revistarescatados.com.ar\/web\/wp-json\/wp\/v2\/comments?post=16427"}],"version-history":[{"count":1,"href":"https:\/\/www.revistarescatados.com.ar\/web\/wp-json\/wp\/v2\/posts\/16427\/revisions"}],"predecessor-version":[{"id":16430,"href":"https:\/\/www.revistarescatados.com.ar\/web\/wp-json\/wp\/v2\/posts\/16427\/revisions\/16430"}],"wp:featuredmedia":[{"embeddable":true,"href":"https:\/\/www.revistarescatados.com.ar\/web\/wp-json\/wp\/v2\/media\/16428"}],"wp:attachment":[{"href":"https:\/\/www.revistarescatados.com.ar\/web\/wp-json\/wp\/v2\/media?parent=16427"}],"wp:term":[{"taxonomy":"category","embeddable":true,"href":"https:\/\/www.revistarescatados.com.ar\/web\/wp-json\/wp\/v2\/categories?post=16427"},{"taxonomy":"post_tag","embeddable":true,"href":"https:\/\/www.revistarescatados.com.ar\/web\/wp-json\/wp\/v2\/tags?post=16427"}],"curies":[{"name":"wp","href":"https:\/\/api.w.org\/{rel}","templated":true}]}}