{"id":1644,"date":"2018-08-23T00:31:49","date_gmt":"2018-08-23T03:31:49","guid":{"rendered":"http:\/\/www.revistarescatados.com.ar\/web\/?p=1644"},"modified":"2018-08-23T00:31:49","modified_gmt":"2018-08-23T03:31:49","slug":"barrio-familia-basura-y-falta-de-compromiso-los-temas-tratados-en-el-encuentro-ciudadano-de-calchaqui","status":"publish","type":"post","link":"https:\/\/www.revistarescatados.com.ar\/web\/2018\/08\/23\/barrio-familia-basura-y-falta-de-compromiso-los-temas-tratados-en-el-encuentro-ciudadano-de-calchaqui\/","title":{"rendered":"Barrio, familia, basura y falta de compromiso, los temas tratados en el encuentro ciudadano de Calchaqu\u00ed"},"content":{"rendered":"<p><img loading=\"lazy\" class=\"aligncenter size-full wp-image-1646\" src=\"http:\/\/www.revistarescatados.com.ar\/web\/wp-content\/uploads\/2018\/08\/Encuentro-ciudadano.jpg\" alt=\"\" width=\"4594\" height=\"2439\" srcset=\"https:\/\/www.revistarescatados.com.ar\/web\/wp-content\/uploads\/2018\/08\/Encuentro-ciudadano.jpg 4594w, https:\/\/www.revistarescatados.com.ar\/web\/wp-content\/uploads\/2018\/08\/Encuentro-ciudadano-300x159.jpg 300w, https:\/\/www.revistarescatados.com.ar\/web\/wp-content\/uploads\/2018\/08\/Encuentro-ciudadano-768x408.jpg 768w, https:\/\/www.revistarescatados.com.ar\/web\/wp-content\/uploads\/2018\/08\/Encuentro-ciudadano-1024x544.jpg 1024w\" sizes=\"(max-width: 4594px) 100vw, 4594px\" \/><\/p>\n<p><span style=\"color: #0000ff;\"><strong>Bajo las consignas de uni\u00f3n y paz de \u201cla casa com\u00fan que se nos confi\u00f3\u201d, se realiz\u00f3 el encuentro del que participaron m\u00e1s de una treintena de vecinos y con la participaci\u00f3n del Obispo \u00c1ngel Jos\u00e9 Mac\u00edn y el cura p\u00e1rroco Walter V\u00e9nica.<\/strong><\/span><\/p>\n<p>Este mi\u00e9rcoles 22 de agosto, se llev\u00f3 a cabo la reuni\u00f3n en el sal\u00f3n del Centro de Jubilados y Pensionados. Las palabras de apertura estuvieron a cargo de la docente Marcela Sirochi, quien dio las pautas que servir\u00edan para encauzar el debate de los trabajos en grupos y las exposiciones finales.<\/p>\n<p>El obispo se refiri\u00f3 a diferentes puntos de la enc\u00edclica papal que plantea un an\u00e1lisis de la casa com\u00fan, haciendo hincapi\u00e9 en el cuidado del medio ambiente y la ecolog\u00eda que incluya al ser humano, el modelo consumista del capitalismo actual que solo extrae sin dejar el ciclo vital de la tierra para el bienestar de un grupo reducido de seres humanos, el modelo del descarte, entre otros.<\/p>\n<p>Adem\u00e1s se refiri\u00f3 al intento de prolongar la juventud en la vida adulta. \u201cPara m\u00ed una de las ra\u00edces de las adicciones en los j\u00f3venes est\u00e1 en el mito de la eterna juventud. Debemos tener cuidado en quitar las se\u00f1ales de la historia en las nuevas generaciones, porque si al ser humano le quitamos su historia, le quitamos su esencia\u201d, se\u00f1al\u00f3 el obispo. Al tiempo que valor\u00f3 la comprensi\u00f3n de la vida que tienen los pueblos originarios y su relaci\u00f3n con la tierra.<\/p>\n<p><img loading=\"lazy\" class=\"aligncenter size-full wp-image-1645\" src=\"http:\/\/www.revistarescatados.com.ar\/web\/wp-content\/uploads\/2018\/08\/Encuentro-ciudadano-1.jpg\" alt=\"\" width=\"4056\" height=\"2760\" srcset=\"https:\/\/www.revistarescatados.com.ar\/web\/wp-content\/uploads\/2018\/08\/Encuentro-ciudadano-1.jpg 4056w, https:\/\/www.revistarescatados.com.ar\/web\/wp-content\/uploads\/2018\/08\/Encuentro-ciudadano-1-300x204.jpg 300w, https:\/\/www.revistarescatados.com.ar\/web\/wp-content\/uploads\/2018\/08\/Encuentro-ciudadano-1-768x523.jpg 768w, https:\/\/www.revistarescatados.com.ar\/web\/wp-content\/uploads\/2018\/08\/Encuentro-ciudadano-1-1024x697.jpg 1024w\" sizes=\"(max-width: 4056px) 100vw, 4056px\" \/><\/p>\n<p>Tras los trabajos grupales que debatieron sobre \u00bfqu\u00e9 Calchaqu\u00ed queremos y podemos hacer?, se hizo la puesta en com\u00fan de los temas. Algunos se refirieron al fortalecimiento de la identidad barrial, que a trav\u00e9s de una instituci\u00f3n vecinal pueda propiciar diferentes actividades comunitarias y un trabajo en red.<\/p>\n<p>Otros destacaron la recuperaci\u00f3n de los valores familiares, la vida sana de la juventud, el apoyo a los docentes y el tratamiento de la basura y cuidado del agua. Asimismo otros exigieron la presencia del estado en las diferentes problem\u00e1ticas como por ejemplo adicciones y pobreza.<\/p>\n<p>Adem\u00e1s pidieron \u201cno balconear sino hacernos cargo del rol que tenemos cada uno; sumando y multiplicando esfuerzos, educaci\u00f3n y trabajo en equipo\u201d. Adem\u00e1s propusieron continuar con estos espacios de di\u00e1logo y consenso sobre distintos aspectos de la vida ciudadana.<\/p>\n<p>MIRA EL <a href=\"https:\/\/www.facebook.com\/pg\/Revista-Rescatados-161421006756\/photos\/?tab=album&amp;album_id=10156731719706757\"><span style=\"color: #0000ff;\"><strong>ALBUM DE IMAGENES<\/strong><\/span><\/a><\/p>\n<p><em><strong>Revista Rescatados<\/strong><\/em><\/p>\n","protected":false},"excerpt":{"rendered":"<p>Bajo las consignas de uni\u00f3n y paz de \u201cla casa com\u00fan que se nos confi\u00f3\u201d, se realiz\u00f3 el encuentro del que participaron m\u00e1s de una treintena de vecinos y con la participaci\u00f3n&#46;&#46;&#46;<\/p>\n","protected":false},"author":1,"featured_media":1646,"comment_status":"closed","ping_status":"open","sticky":false,"template":"","format":"standard","meta":[],"categories":[2,3,16,8],"tags":[],"_links":{"self":[{"href":"https:\/\/www.revistarescatados.com.ar\/web\/wp-json\/wp\/v2\/posts\/1644"}],"collection":[{"href":"https:\/\/www.revistarescatados.com.ar\/web\/wp-json\/wp\/v2\/posts"}],"about":[{"href":"https:\/\/www.revistarescatados.com.ar\/web\/wp-json\/wp\/v2\/types\/post"}],"author":[{"embeddable":true,"href":"https:\/\/www.revistarescatados.com.ar\/web\/wp-json\/wp\/v2\/users\/1"}],"replies":[{"embeddable":true,"href":"https:\/\/www.revistarescatados.com.ar\/web\/wp-json\/wp\/v2\/comments?post=1644"}],"version-history":[{"count":1,"href":"https:\/\/www.revistarescatados.com.ar\/web\/wp-json\/wp\/v2\/posts\/1644\/revisions"}],"predecessor-version":[{"id":1647,"href":"https:\/\/www.revistarescatados.com.ar\/web\/wp-json\/wp\/v2\/posts\/1644\/revisions\/1647"}],"wp:featuredmedia":[{"embeddable":true,"href":"https:\/\/www.revistarescatados.com.ar\/web\/wp-json\/wp\/v2\/media\/1646"}],"wp:attachment":[{"href":"https:\/\/www.revistarescatados.com.ar\/web\/wp-json\/wp\/v2\/media?parent=1644"}],"wp:term":[{"taxonomy":"category","embeddable":true,"href":"https:\/\/www.revistarescatados.com.ar\/web\/wp-json\/wp\/v2\/categories?post=1644"},{"taxonomy":"post_tag","embeddable":true,"href":"https:\/\/www.revistarescatados.com.ar\/web\/wp-json\/wp\/v2\/tags?post=1644"}],"curies":[{"name":"wp","href":"https:\/\/api.w.org\/{rel}","templated":true}]}}