{"id":16493,"date":"2022-02-09T00:16:16","date_gmt":"2022-02-09T03:16:16","guid":{"rendered":"https:\/\/www.revistarescatados.com.ar\/web\/?p=16493"},"modified":"2022-02-09T00:16:22","modified_gmt":"2022-02-09T03:16:22","slug":"la-epe-actualiza-su-cuadro-tarifario","status":"publish","type":"post","link":"https:\/\/www.revistarescatados.com.ar\/web\/2022\/02\/09\/la-epe-actualiza-su-cuadro-tarifario\/","title":{"rendered":"La EPE actualiza su cuadro tarifario"},"content":{"rendered":"\n<p><\/p>\n\n\n\n<p><strong><span class=\"has-inline-color has-vivid-red-color\">La Resoluci\u00f3n ministerial dispuso un porcentaje promedio del 25% respecto de las tarifas vigentes al 31 de diciembre de 2021, que se aplicar\u00e1n en todos los segmentos de consumo, en dos tramos a partir de febrero, y posteriormente en abril.<\/span><\/strong><\/p>\n\n\n\n<figure class=\"wp-block-image size-full\"><img loading=\"lazy\" width=\"618\" height=\"464\" src=\"http:\/\/www.revistarescatados.com.ar\/web\/wp-content\/uploads\/2018\/04\/Factura-EPE1.jpg\" alt=\"\" class=\"wp-image-133\" srcset=\"https:\/\/www.revistarescatados.com.ar\/web\/wp-content\/uploads\/2018\/04\/Factura-EPE1.jpg 618w, https:\/\/www.revistarescatados.com.ar\/web\/wp-content\/uploads\/2018\/04\/Factura-EPE1-300x225.jpg 300w\" sizes=\"(max-width: 618px) 100vw, 618px\" \/><\/figure>\n\n\n\n<p>El Ministerio de Infraestructura, Servicios P\u00fablicos y H\u00e1bitat, a trav\u00e9s de la Resoluci\u00f3n 80\/2022, autoriz\u00f3 la actualizaci\u00f3n de los cuadros tarifarios solicitados por la Empresa Provincial de la Energ\u00eda (EPE), incluyendo porcentajes m\u00e1ximos que se aplicar\u00e1n en forma desdoblada.<br>La medida busca disminuir el impacto en el bolsillo de los santafesinos y atender la realidad socioecon\u00f3mica actual. Los incrementos se aplicar\u00e1n en dos tramos, desde el 1\u00ba de febrero y el segundo tramo a partir del 1\u00ba de abril, y se profundizar\u00e1n las acciones pertinentes para fortalecer el Programa EPE Social para la ampliaci\u00f3n y mejoras en la prestaci\u00f3n del servicio p\u00fablico de electricidad en barrios populares.<\/p>\n\n\n\n<p>Luego de celebrarse la audiencia p\u00fablica el pasado 7 de enero, para escuchar y recoger las opiniones de los santafesinos y santafesinas sobre la propuesta de adecuaci\u00f3n del cuadro tarifario de la EPE, el Ministerio de Infraestructura, Servicios P\u00fablicos y H\u00e1bitat, a trav\u00e9s de la Resoluci\u00f3n N\u00ba 80\/2022, puso l\u00edmites al aumento solicitado por la Empresa e implementar\u00e1 un incremento desdoblado del Valor Agregado de Distribuci\u00f3n de la energ\u00eda el\u00e9ctrica.<\/p>\n\n\n\n<p>La resoluci\u00f3n, en su art\u00edculo 1\u00b0, aprueba la actualizaci\u00f3n del Valor Agregado de Distribuci\u00f3n de la EPE de Santa Fe de acuerdo con los t\u00e9rminos de su propuesta, quedando su aplicaci\u00f3n inicial sujeta a las condiciones que se establecen en dicho acto administrativo.<\/p>\n\n\n\n<p><strong><span class=\"has-inline-color has-vivid-red-color\">DOS TRAMOS<\/span><\/strong><\/p>\n\n\n\n<p>Se instruye a la EPE para que los aumentos que se produzcan sobre todos los segmentos de consumos, se desdoblar\u00e1n en dos tramos, en febrero y en abril, con una variaci\u00f3n promedio del 25% respecto de las tarifas vigentes al 31 de diciembre del 2021.<\/p>\n\n\n\n<p>Por otra parte, la EPE deber\u00e1 profundizar las acciones del Programa EPE Social cuyo objetivo consiste en la ampliaci\u00f3n y mejoras en la prestaci\u00f3n del servicio p\u00fablico de electricidad en barrios populares, permitiendo la inclusi\u00f3n el\u00e9ctrica de sus vecinos, sum\u00e1ndolos como usuarios de un servicio m\u00e1s seguro y de mejor calidad, reduciendo de este modo las p\u00e9rdidas no t\u00e9cnicas.<\/p>\n\n\n\n<p>Asimismo, la EPE deber\u00e1 proponer dentro de los 90 d\u00edas de emitida la resoluci\u00f3n, un R\u00e9gimen Especial Tarifario destinado a las Cooperativas de Agua Potable que operan en la Provincia.<\/p>\n\n\n\n<p>Tambi\u00e9n, la Empresa deber\u00e1 arbitrar todos los mecanismos necesarios para cumplir con el Plan de Inversiones propuesto, y aplicar los nuevos programas presentados de Segmentaci\u00f3n Social, Segmentaci\u00f3n Territorial de la Demanda y Energ\u00eda para Arraigo Industrial, a partir de la aprobaci\u00f3n de la presente Propuesta de Adecuaci\u00f3n del VAD, ad refer\u00e9ndum de los decretos correspondientes del gobernador de la Provincia de Santa Fe.<\/p>\n\n\n\n<p>En ning\u00fan segmento, dicho incremento tendr\u00e1, ante distintas variables como tope m\u00e1ximo el 35% respecto de las tarifas vigentes al 31 de diciembre de 2021, debiendo ponderar en tarifas la relaci\u00f3n entre demandas de potencia en horarios de punta y fuera de punta y el factor de utilizaci\u00f3n de la potencia m\u00e1xima de cada usuario para su conformaci\u00f3n.<\/p>\n\n\n\n<p><strong><span class=\"has-inline-color has-vivid-red-color\">EJES ESTRAT\u00c9GICOS DE GESTI\u00d3N<\/span><\/strong><\/p>\n\n\n\n<p>Compartiendo los lineamientos de gesti\u00f3n expuestos en la Audiencia P\u00fablica desarrollada d\u00edas atr\u00e1s, y que gu\u00edan la distribuci\u00f3n energ\u00e9tica en la provincia de Santa Fe, la resoluci\u00f3n ministerial instruye a la EPE a la continuidad de acciones prioritarias, tales como profundizar el Plan de Gesti\u00f3n Comercial, continuar con las acciones para la reducci\u00f3n en las P\u00e9rdidas No T\u00e9cnicas, incorporar la totalidad de las mediciones a Grandes Usuarios a su sistema de Telemedici\u00f3n en el transcurso del presente a\u00f1o, entre otras.<\/p>\n\n\n\n<p>Tambi\u00e9n la EPE debe continuar con los planes de normalizaci\u00f3n de instalaciones en Barrios Populares previstos en el Programa EPE Social, a fin de incorporar usuarios en los mismos dentro de los segmentos de Tarifa Social, y analizar y proponer un esquema de segmentaci\u00f3n tarifaria que considere factores sociales y territoriales que resulte aplicable a partir de la pr\u00f3xima revisi\u00f3n del Valor Agregado de Distribuci\u00f3n.<\/p>\n","protected":false},"excerpt":{"rendered":"<p>La Resoluci\u00f3n ministerial dispuso un porcentaje promedio del 25% respecto de las tarifas vigentes al 31 de diciembre de 2021, que se aplicar\u00e1n en todos los segmentos de consumo, en dos tramos&#46;&#46;&#46;<\/p>\n","protected":false},"author":1,"featured_media":133,"comment_status":"closed","ping_status":"closed","sticky":false,"template":"","format":"standard","meta":[],"categories":[16,12,8],"tags":[],"_links":{"self":[{"href":"https:\/\/www.revistarescatados.com.ar\/web\/wp-json\/wp\/v2\/posts\/16493"}],"collection":[{"href":"https:\/\/www.revistarescatados.com.ar\/web\/wp-json\/wp\/v2\/posts"}],"about":[{"href":"https:\/\/www.revistarescatados.com.ar\/web\/wp-json\/wp\/v2\/types\/post"}],"author":[{"embeddable":true,"href":"https:\/\/www.revistarescatados.com.ar\/web\/wp-json\/wp\/v2\/users\/1"}],"replies":[{"embeddable":true,"href":"https:\/\/www.revistarescatados.com.ar\/web\/wp-json\/wp\/v2\/comments?post=16493"}],"version-history":[{"count":1,"href":"https:\/\/www.revistarescatados.com.ar\/web\/wp-json\/wp\/v2\/posts\/16493\/revisions"}],"predecessor-version":[{"id":16494,"href":"https:\/\/www.revistarescatados.com.ar\/web\/wp-json\/wp\/v2\/posts\/16493\/revisions\/16494"}],"wp:featuredmedia":[{"embeddable":true,"href":"https:\/\/www.revistarescatados.com.ar\/web\/wp-json\/wp\/v2\/media\/133"}],"wp:attachment":[{"href":"https:\/\/www.revistarescatados.com.ar\/web\/wp-json\/wp\/v2\/media?parent=16493"}],"wp:term":[{"taxonomy":"category","embeddable":true,"href":"https:\/\/www.revistarescatados.com.ar\/web\/wp-json\/wp\/v2\/categories?post=16493"},{"taxonomy":"post_tag","embeddable":true,"href":"https:\/\/www.revistarescatados.com.ar\/web\/wp-json\/wp\/v2\/tags?post=16493"}],"curies":[{"name":"wp","href":"https:\/\/api.w.org\/{rel}","templated":true}]}}