{"id":16495,"date":"2022-02-09T00:27:41","date_gmt":"2022-02-09T03:27:41","guid":{"rendered":"https:\/\/www.revistarescatados.com.ar\/web\/?p=16495"},"modified":"2022-02-09T00:27:47","modified_gmt":"2022-02-09T03:27:47","slug":"gala-de-cierre-de-la-colonia-al-agua-pato-en-gobernador-crespo","status":"publish","type":"post","link":"https:\/\/www.revistarescatados.com.ar\/web\/2022\/02\/09\/gala-de-cierre-de-la-colonia-al-agua-pato-en-gobernador-crespo\/","title":{"rendered":"Gala de cierre de la colonia &#8220;Al agua pato&#8221; en Gobernador Crespo"},"content":{"rendered":"\n<p><\/p>\n\n\n\n<p><strong><span class=\"has-inline-color has-vivid-red-color\">Esta semana se estar\u00e1n desarrollando los cierres de la Colonia Al Agua Pato en dos d\u00edas diferentes, atentos a la gran cantidad de ni\u00f1os y as\u00ed pudiendo brindar la posibilidad de que todas las familias puedan acompa\u00f1ar a los ni\u00f1os. <\/span><\/strong><\/p>\n\n\n\n<figure class=\"wp-block-image size-large\"><img loading=\"lazy\" width=\"1024\" height=\"768\" src=\"https:\/\/www.revistarescatados.com.ar\/web\/wp-content\/uploads\/2022\/02\/colonia-al-agua-pato-1024x768.jpg\" alt=\"\" class=\"wp-image-16496\" srcset=\"https:\/\/www.revistarescatados.com.ar\/web\/wp-content\/uploads\/2022\/02\/colonia-al-agua-pato-1024x768.jpg 1024w, https:\/\/www.revistarescatados.com.ar\/web\/wp-content\/uploads\/2022\/02\/colonia-al-agua-pato-300x225.jpg 300w, https:\/\/www.revistarescatados.com.ar\/web\/wp-content\/uploads\/2022\/02\/colonia-al-agua-pato-768x576.jpg 768w, https:\/\/www.revistarescatados.com.ar\/web\/wp-content\/uploads\/2022\/02\/colonia-al-agua-pato.jpg 1280w\" sizes=\"(max-width: 1024px) 100vw, 1024px\" \/><\/figure>\n\n\n\n<p>Es as\u00ed que el jueves 10 a las 20:30 horas tendr\u00e1n su cierre los ni\u00f1os del primer grupo (de 3 a 6 a\u00f1os) y el viernes 11 a las 20:30 horas el segundo grupo (ni\u00f1os de 7 a 12 a\u00f1os). <\/p>\n\n\n\n<p>Se invita a toda la familia a ser parte de estas Fiestas de Cierre de Colonia. Habr\u00e1 servicio de buffet para poder compartir mejor la noche y las actividades.<\/p>\n","protected":false},"excerpt":{"rendered":"<p>Esta semana se estar\u00e1n desarrollando los cierres de la Colonia Al Agua Pato en dos d\u00edas diferentes, atentos a la gran cantidad de ni\u00f1os y as\u00ed pudiendo brindar la posibilidad de que&#46;&#46;&#46;<\/p>\n","protected":false},"author":1,"featured_media":16496,"comment_status":"closed","ping_status":"closed","sticky":false,"template":"","format":"standard","meta":[],"categories":[4,17,16,8],"tags":[],"_links":{"self":[{"href":"https:\/\/www.revistarescatados.com.ar\/web\/wp-json\/wp\/v2\/posts\/16495"}],"collection":[{"href":"https:\/\/www.revistarescatados.com.ar\/web\/wp-json\/wp\/v2\/posts"}],"about":[{"href":"https:\/\/www.revistarescatados.com.ar\/web\/wp-json\/wp\/v2\/types\/post"}],"author":[{"embeddable":true,"href":"https:\/\/www.revistarescatados.com.ar\/web\/wp-json\/wp\/v2\/users\/1"}],"replies":[{"embeddable":true,"href":"https:\/\/www.revistarescatados.com.ar\/web\/wp-json\/wp\/v2\/comments?post=16495"}],"version-history":[{"count":1,"href":"https:\/\/www.revistarescatados.com.ar\/web\/wp-json\/wp\/v2\/posts\/16495\/revisions"}],"predecessor-version":[{"id":16497,"href":"https:\/\/www.revistarescatados.com.ar\/web\/wp-json\/wp\/v2\/posts\/16495\/revisions\/16497"}],"wp:featuredmedia":[{"embeddable":true,"href":"https:\/\/www.revistarescatados.com.ar\/web\/wp-json\/wp\/v2\/media\/16496"}],"wp:attachment":[{"href":"https:\/\/www.revistarescatados.com.ar\/web\/wp-json\/wp\/v2\/media?parent=16495"}],"wp:term":[{"taxonomy":"category","embeddable":true,"href":"https:\/\/www.revistarescatados.com.ar\/web\/wp-json\/wp\/v2\/categories?post=16495"},{"taxonomy":"post_tag","embeddable":true,"href":"https:\/\/www.revistarescatados.com.ar\/web\/wp-json\/wp\/v2\/tags?post=16495"}],"curies":[{"name":"wp","href":"https:\/\/api.w.org\/{rel}","templated":true}]}}