{"id":1651,"date":"2018-08-24T20:37:41","date_gmt":"2018-08-24T23:37:41","guid":{"rendered":"http:\/\/www.revistarescatados.com.ar\/web\/?p=1651"},"modified":"2018-08-24T20:37:41","modified_gmt":"2018-08-24T23:37:41","slug":"mas-de-1200-alumnos-recorrieron-la-expo-carreras-vera","status":"publish","type":"post","link":"https:\/\/www.revistarescatados.com.ar\/web\/2018\/08\/24\/mas-de-1200-alumnos-recorrieron-la-expo-carreras-vera\/","title":{"rendered":"M\u00c1S DE 1200 ALUMNOS RECORRIERON LA EXPO CARRERAS VERA"},"content":{"rendered":"<p><img loading=\"lazy\" class=\"aligncenter size-full wp-image-1654\" src=\"http:\/\/www.revistarescatados.com.ar\/web\/wp-content\/uploads\/2018\/08\/Expo-3.jpg\" alt=\"\" width=\"6000\" height=\"4000\" srcset=\"https:\/\/www.revistarescatados.com.ar\/web\/wp-content\/uploads\/2018\/08\/Expo-3.jpg 6000w, https:\/\/www.revistarescatados.com.ar\/web\/wp-content\/uploads\/2018\/08\/Expo-3-300x200.jpg 300w, https:\/\/www.revistarescatados.com.ar\/web\/wp-content\/uploads\/2018\/08\/Expo-3-768x512.jpg 768w, https:\/\/www.revistarescatados.com.ar\/web\/wp-content\/uploads\/2018\/08\/Expo-3-1024x683.jpg 1024w\" sizes=\"(max-width: 6000px) 100vw, 6000px\" \/><\/p>\n<p><strong><span style=\"color: #0000ff;\">El evento organizado por el Centro Ciudadano Vera se llev\u00f3 a cabo este viernes 24, con la presencia de ofertas educativas regionales, y la asistencia de j\u00f3venes de diversas escuelas del departamento Vera.<\/span><\/strong><\/p>\n<p>\u201cEstamos muy contentos por la gran concurrencia y el apoyo de los docentes y directivos de los establecimientos que nos acompa\u00f1aron este d\u00eda, dedic\u00e1ndolo a conocer las ofertas terciarias y universitarias de Vera y la regi\u00f3n. Contamos con m\u00e1s de 1200 alumnos de escuelas de nuestra ciudad, y de Calchaqu\u00ed, Margarita, La Gallareta, Toba, Las Gamas y Santa Lucia\u201d, indic\u00f3 Luciano Gonz\u00e1lez.<\/p>\n<p>El organizador habl\u00f3 de \u201cuna muestra de calidad institucional y educativa, que nos arrojan diez a\u00f1os de experiencia organizando la Expo. Este a\u00f1o es muy particular, porque en 2017 no la pudimos realizar, as\u00ed que estuvimos con toda la fuerza y el impulso que recibimos de los institutos, universidades y los auspiciantes, que son quienes la hicieron posible. La finalidad siempre es que los chicos puedan encontrar un rumbo, un camino, para continuar estudiando, que es lo que a nosotros nos interesa\u201d.<\/p>\n<p>Por su parte, Marcela Contrera asegur\u00f3 que \u201cnos reconforta saber que los estudiantes se van con una satisfacci\u00f3n al haberse interiorizado en las distintas posibilidades de estudio que hay en nuestra ciudad y los alrededores. Ellos mismos nos dec\u00edan no sab\u00edan que exist\u00eda una oferta tan amplia de carreras\u201d.<\/p>\n<p><img loading=\"lazy\" class=\"aligncenter size-full wp-image-1653\" src=\"http:\/\/www.revistarescatados.com.ar\/web\/wp-content\/uploads\/2018\/08\/Expo-2.jpg\" alt=\"\" width=\"6000\" height=\"4000\" srcset=\"https:\/\/www.revistarescatados.com.ar\/web\/wp-content\/uploads\/2018\/08\/Expo-2.jpg 6000w, https:\/\/www.revistarescatados.com.ar\/web\/wp-content\/uploads\/2018\/08\/Expo-2-300x200.jpg 300w, https:\/\/www.revistarescatados.com.ar\/web\/wp-content\/uploads\/2018\/08\/Expo-2-768x512.jpg 768w, https:\/\/www.revistarescatados.com.ar\/web\/wp-content\/uploads\/2018\/08\/Expo-2-1024x683.jpg 1024w\" sizes=\"(max-width: 6000px) 100vw, 6000px\" \/><\/p>\n<p>Asimismo, Sergio Rojas sostuvo que \u201cen esta novena edici\u00f3n nos parec\u00eda muy importante que, desde el Plan del Norte, podamos acompa\u00f1ar esta iniciativa, teniendo en cuenta que se invit\u00f3 a escuelas secundarias de todo el departamento Vera. Por primera vez, pudieron viajar chicos de otras localidades y eso fortalece a esta Expo Carreras, que seguramente ser\u00e1 mayor el a\u00f1o siguiente. Y la fortaleza tambi\u00e9n est\u00e1 puesta en el compromiso de los institutos locales que la co-organizaron junto al Centro Ciudadano Vera\u201d.<\/p>\n<p>El coordinador del Plan del Norte subray\u00f3 \u201cesta posibilidad que hoy tienen los j\u00f3venes cursando 5to a\u00f1o pero tambi\u00e9n quienes quieren empezar alguna carrera, porque fue un evento abierto a todos. Charlando con algunos profesores, nos dec\u00edan que, pensando en la situaci\u00f3n econ\u00f3mica y que hoy est\u00e1 m\u00e1s dif\u00edcil irse a estudiar a Santa Fe, Rosario o Corrientes, conocer las ofertas de la regi\u00f3n les viene muy bien a los alumnos para poder definir su futuro\u201d.<\/p>\n<p><img loading=\"lazy\" class=\"aligncenter size-full wp-image-1652\" src=\"http:\/\/www.revistarescatados.com.ar\/web\/wp-content\/uploads\/2018\/08\/Expo-1.jpg\" alt=\"\" width=\"6000\" height=\"4000\" srcset=\"https:\/\/www.revistarescatados.com.ar\/web\/wp-content\/uploads\/2018\/08\/Expo-1.jpg 6000w, https:\/\/www.revistarescatados.com.ar\/web\/wp-content\/uploads\/2018\/08\/Expo-1-300x200.jpg 300w, https:\/\/www.revistarescatados.com.ar\/web\/wp-content\/uploads\/2018\/08\/Expo-1-768x512.jpg 768w, https:\/\/www.revistarescatados.com.ar\/web\/wp-content\/uploads\/2018\/08\/Expo-1-1024x683.jpg 1024w\" sizes=\"(max-width: 6000px) 100vw, 6000px\" \/><\/p>\n<p><strong><span style=\"color: #0000ff;\">M\u00c1S DE 250 CARRERAS<\/span><\/strong><\/p>\n<p>En la Expo Carreras 2018 estuvieron presentes las siguientes Instituciones: Instituto Inmaculada Concepci\u00f3n N\u00ba 4007, Instituto San Juan Bautista N\u00ba 4019, Colegio Superior N\u00ba 42, Universidad Nacional del Litoral Santa Fe y Centro Universitario Reconquista, Universidad Tecnol\u00f3gica Nacional &#8211; Facultad Reconquista, Universidad Cat\u00f3lica de Salta, Universidad de Ciencias Sociales y Empresariales, Universidad Cat\u00f3lica de Santa Fe, Universidad del Siglo XXI, Instituto Gastron\u00f3mico de las Am\u00e9ricas, Universidad de la Cuenca del Plata, Universidad Nacional de Entre R\u00edos, Instituto de Servicio Social Juan XXIII, Instituto de Formaci\u00f3n Docente en Artes N\u00ba 5074, Instituto Cimarr\u00f3n &#8211; Muna Munanky (Formaci\u00f3n en Danzas Folcl\u00f3ricas).<\/p>\n","protected":false},"excerpt":{"rendered":"<p>El evento organizado por el Centro Ciudadano Vera se llev\u00f3 a cabo este viernes 24, con la presencia de ofertas educativas regionales, y la asistencia de j\u00f3venes de diversas escuelas del departamento&#46;&#46;&#46;<\/p>\n","protected":false},"author":1,"featured_media":1654,"comment_status":"closed","ping_status":"open","sticky":false,"template":"","format":"standard","meta":[],"categories":[3,16,15],"tags":[],"_links":{"self":[{"href":"https:\/\/www.revistarescatados.com.ar\/web\/wp-json\/wp\/v2\/posts\/1651"}],"collection":[{"href":"https:\/\/www.revistarescatados.com.ar\/web\/wp-json\/wp\/v2\/posts"}],"about":[{"href":"https:\/\/www.revistarescatados.com.ar\/web\/wp-json\/wp\/v2\/types\/post"}],"author":[{"embeddable":true,"href":"https:\/\/www.revistarescatados.com.ar\/web\/wp-json\/wp\/v2\/users\/1"}],"replies":[{"embeddable":true,"href":"https:\/\/www.revistarescatados.com.ar\/web\/wp-json\/wp\/v2\/comments?post=1651"}],"version-history":[{"count":1,"href":"https:\/\/www.revistarescatados.com.ar\/web\/wp-json\/wp\/v2\/posts\/1651\/revisions"}],"predecessor-version":[{"id":1655,"href":"https:\/\/www.revistarescatados.com.ar\/web\/wp-json\/wp\/v2\/posts\/1651\/revisions\/1655"}],"wp:featuredmedia":[{"embeddable":true,"href":"https:\/\/www.revistarescatados.com.ar\/web\/wp-json\/wp\/v2\/media\/1654"}],"wp:attachment":[{"href":"https:\/\/www.revistarescatados.com.ar\/web\/wp-json\/wp\/v2\/media?parent=1651"}],"wp:term":[{"taxonomy":"category","embeddable":true,"href":"https:\/\/www.revistarescatados.com.ar\/web\/wp-json\/wp\/v2\/categories?post=1651"},{"taxonomy":"post_tag","embeddable":true,"href":"https:\/\/www.revistarescatados.com.ar\/web\/wp-json\/wp\/v2\/tags?post=1651"}],"curies":[{"name":"wp","href":"https:\/\/api.w.org\/{rel}","templated":true}]}}