{"id":16534,"date":"2022-02-14T22:24:37","date_gmt":"2022-02-15T01:24:37","guid":{"rendered":"https:\/\/www.revistarescatados.com.ar\/web\/?p=16534"},"modified":"2022-02-14T22:24:41","modified_gmt":"2022-02-15T01:24:41","slug":"recuperaron-tres-chapas-hurtadas-de-una-obra-en-construccion-en-calchaqui","status":"publish","type":"post","link":"https:\/\/www.revistarescatados.com.ar\/web\/2022\/02\/14\/recuperaron-tres-chapas-hurtadas-de-una-obra-en-construccion-en-calchaqui\/","title":{"rendered":"Recuperaron tres chapas hurtadas de una obra en construcci\u00f3n en Calchaqu\u00ed"},"content":{"rendered":"\n<p><strong><span class=\"has-inline-color has-vivid-red-color\">Un hombre mayor de edad quedo implicado en la sustracci\u00f3n de las chapas de zinc de 6 metros, tras la denuncia de una joven mujer, realizada de la vivienda que se construye en la ciudad.<\/span><\/strong><\/p>\n\n\n\n<figure class=\"wp-block-image size-large\"><img loading=\"lazy\" width=\"1024\" height=\"768\" src=\"https:\/\/www.revistarescatados.com.ar\/web\/wp-content\/uploads\/2022\/02\/Chapa-1024x768.jpg\" alt=\"\" class=\"wp-image-16535\" srcset=\"https:\/\/www.revistarescatados.com.ar\/web\/wp-content\/uploads\/2022\/02\/Chapa-1024x768.jpg 1024w, https:\/\/www.revistarescatados.com.ar\/web\/wp-content\/uploads\/2022\/02\/Chapa-300x225.jpg 300w, https:\/\/www.revistarescatados.com.ar\/web\/wp-content\/uploads\/2022\/02\/Chapa-768x576.jpg 768w, https:\/\/www.revistarescatados.com.ar\/web\/wp-content\/uploads\/2022\/02\/Chapa-1536x1153.jpg 1536w, https:\/\/www.revistarescatados.com.ar\/web\/wp-content\/uploads\/2022\/02\/Chapa.jpg 1599w\" sizes=\"(max-width: 1024px) 100vw, 1024px\" \/><\/figure>\n\n\n\n<p>A ra\u00edz de la denuncia formulada por ante la Comisaria 2da de Calchaqu\u00ed por una joven, mayor de edad quien diera cuenta que autor\/es ignorados le hab\u00edan sustra\u00eddo desde su finca en construcci\u00f3n 03 CHAPAS DE 06 MTS, las cuales se encontraban en el predio en construcci\u00f3n.<\/p>\n\n\n\n<p> De averiguaciones practicadas por funcionaros policiales de la Unidad de Orden Publico de esa medio establecen que no ser\u00eda ajeno al il\u00edcito un hombre, mayor de edad de procedimientos realizados procedieron al secuestro preventivo de lo denunciado. Se prosiguen diligencias. Interviene UFI Nro 4- Vera.-<\/p>\n","protected":false},"excerpt":{"rendered":"<p>Un hombre mayor de edad quedo implicado en la sustracci\u00f3n de las chapas de zinc de 6 metros, tras la denuncia de una joven mujer, realizada de la vivienda que se construye&#46;&#46;&#46;<\/p>\n","protected":false},"author":1,"featured_media":16535,"comment_status":"closed","ping_status":"closed","sticky":false,"template":"","format":"standard","meta":[],"categories":[2,3,16,11],"tags":[],"_links":{"self":[{"href":"https:\/\/www.revistarescatados.com.ar\/web\/wp-json\/wp\/v2\/posts\/16534"}],"collection":[{"href":"https:\/\/www.revistarescatados.com.ar\/web\/wp-json\/wp\/v2\/posts"}],"about":[{"href":"https:\/\/www.revistarescatados.com.ar\/web\/wp-json\/wp\/v2\/types\/post"}],"author":[{"embeddable":true,"href":"https:\/\/www.revistarescatados.com.ar\/web\/wp-json\/wp\/v2\/users\/1"}],"replies":[{"embeddable":true,"href":"https:\/\/www.revistarescatados.com.ar\/web\/wp-json\/wp\/v2\/comments?post=16534"}],"version-history":[{"count":1,"href":"https:\/\/www.revistarescatados.com.ar\/web\/wp-json\/wp\/v2\/posts\/16534\/revisions"}],"predecessor-version":[{"id":16536,"href":"https:\/\/www.revistarescatados.com.ar\/web\/wp-json\/wp\/v2\/posts\/16534\/revisions\/16536"}],"wp:featuredmedia":[{"embeddable":true,"href":"https:\/\/www.revistarescatados.com.ar\/web\/wp-json\/wp\/v2\/media\/16535"}],"wp:attachment":[{"href":"https:\/\/www.revistarescatados.com.ar\/web\/wp-json\/wp\/v2\/media?parent=16534"}],"wp:term":[{"taxonomy":"category","embeddable":true,"href":"https:\/\/www.revistarescatados.com.ar\/web\/wp-json\/wp\/v2\/categories?post=16534"},{"taxonomy":"post_tag","embeddable":true,"href":"https:\/\/www.revistarescatados.com.ar\/web\/wp-json\/wp\/v2\/tags?post=16534"}],"curies":[{"name":"wp","href":"https:\/\/api.w.org\/{rel}","templated":true}]}}