{"id":16542,"date":"2022-02-14T22:46:55","date_gmt":"2022-02-15T01:46:55","guid":{"rendered":"https:\/\/www.revistarescatados.com.ar\/web\/?p=16542"},"modified":"2022-02-14T22:47:00","modified_gmt":"2022-02-15T01:47:00","slug":"vacunacion-escolar-en-el-hospital-de-calchaqui","status":"publish","type":"post","link":"https:\/\/www.revistarescatados.com.ar\/web\/2022\/02\/14\/vacunacion-escolar-en-el-hospital-de-calchaqui\/","title":{"rendered":"Vacunaci\u00f3n escolar en el hospital de Calchaqu\u00ed"},"content":{"rendered":"\n<p><strong><span class=\"has-inline-color has-vivid-red-color\">En el vacunatorio del efector p\u00fablico se lleva adelante la vacunaci\u00f3n a ni\u00f1os de 5 a\u00f1os que no comenzaron esquema de vacunaci\u00f3n de ingreso escolar y ni\u00f1os mayores de 11 a\u00f1os que no comenzaron o deben completar esquema de vacunaci\u00f3n.<\/span><\/strong><\/p>\n\n\n\n<p><br>Los padres y\/o tutores deben dirigirse al hospital de lunes a viernes de 7 a 12:30 ,ingresar por la calle Mitre. De esta manera se completa la  vacunaci\u00f3n de calendario oficial.<\/p>\n","protected":false},"excerpt":{"rendered":"<p>En el vacunatorio del efector p\u00fablico se lleva adelante la vacunaci\u00f3n a ni\u00f1os de 5 a\u00f1os que no comenzaron esquema de vacunaci\u00f3n de ingreso escolar y ni\u00f1os mayores de 11 a\u00f1os que&#46;&#46;&#46;<\/p>\n","protected":false},"author":1,"featured_media":1952,"comment_status":"closed","ping_status":"closed","sticky":false,"template":"","format":"standard","meta":[],"categories":[2,3,16,9],"tags":[],"_links":{"self":[{"href":"https:\/\/www.revistarescatados.com.ar\/web\/wp-json\/wp\/v2\/posts\/16542"}],"collection":[{"href":"https:\/\/www.revistarescatados.com.ar\/web\/wp-json\/wp\/v2\/posts"}],"about":[{"href":"https:\/\/www.revistarescatados.com.ar\/web\/wp-json\/wp\/v2\/types\/post"}],"author":[{"embeddable":true,"href":"https:\/\/www.revistarescatados.com.ar\/web\/wp-json\/wp\/v2\/users\/1"}],"replies":[{"embeddable":true,"href":"https:\/\/www.revistarescatados.com.ar\/web\/wp-json\/wp\/v2\/comments?post=16542"}],"version-history":[{"count":1,"href":"https:\/\/www.revistarescatados.com.ar\/web\/wp-json\/wp\/v2\/posts\/16542\/revisions"}],"predecessor-version":[{"id":16543,"href":"https:\/\/www.revistarescatados.com.ar\/web\/wp-json\/wp\/v2\/posts\/16542\/revisions\/16543"}],"wp:featuredmedia":[{"embeddable":true,"href":"https:\/\/www.revistarescatados.com.ar\/web\/wp-json\/wp\/v2\/media\/1952"}],"wp:attachment":[{"href":"https:\/\/www.revistarescatados.com.ar\/web\/wp-json\/wp\/v2\/media?parent=16542"}],"wp:term":[{"taxonomy":"category","embeddable":true,"href":"https:\/\/www.revistarescatados.com.ar\/web\/wp-json\/wp\/v2\/categories?post=16542"},{"taxonomy":"post_tag","embeddable":true,"href":"https:\/\/www.revistarescatados.com.ar\/web\/wp-json\/wp\/v2\/tags?post=16542"}],"curies":[{"name":"wp","href":"https:\/\/api.w.org\/{rel}","templated":true}]}}