{"id":16594,"date":"2022-02-25T09:18:02","date_gmt":"2022-02-25T12:18:02","guid":{"rendered":"https:\/\/www.revistarescatados.com.ar\/web\/?p=16594"},"modified":"2022-02-25T09:18:08","modified_gmt":"2022-02-25T12:18:08","slug":"confirmaron-la-condena-por-el-homicidio-de-miguel-angel-matiazzi","status":"publish","type":"post","link":"https:\/\/www.revistarescatados.com.ar\/web\/2022\/02\/25\/confirmaron-la-condena-por-el-homicidio-de-miguel-angel-matiazzi\/","title":{"rendered":"Confirmaron la condena por el homicidio de Miguel Angel Matiazzi"},"content":{"rendered":"\n<p><strong><span class=\"has-inline-color has-vivid-red-color\">El 3 de abril de 2039 vencer\u00e1 la condena a 20 a\u00f1os a Franco Villalba, acordada en un juicio abreviado por la muerte de su padrastro ocurrida en 2019. <\/span><\/strong><\/p>\n\n\n\n<figure class=\"wp-block-image size-full\"><img loading=\"lazy\" width=\"669\" height=\"539\" src=\"http:\/\/www.revistarescatados.com.ar\/web\/wp-content\/uploads\/2019\/07\/Matiazzi-Villalba.png\" alt=\"\" class=\"wp-image-5579\" srcset=\"https:\/\/www.revistarescatados.com.ar\/web\/wp-content\/uploads\/2019\/07\/Matiazzi-Villalba.png 669w, https:\/\/www.revistarescatados.com.ar\/web\/wp-content\/uploads\/2019\/07\/Matiazzi-Villalba-300x242.png 300w\" sizes=\"(max-width: 669px) 100vw, 669px\" \/><\/figure>\n\n\n\n<p>El tribunal de primera instancia hab\u00eda acordado  la condena de 20 a\u00f1os por el &#8220;homicidio simple&#8221; de Miguel Angel Matiazzi. Todo fue confirmado por la C\u00e1mara Penal, con la firma de Jos\u00e9 M\u00e1ntaras (primer voto), acompa\u00f1ado por Eduardo Bernacchia y Carlos Renna.<\/p>\n\n\n\n<p>Franco Emanuel Villalba reconoci\u00f3 y se dio por probado que antes del mediod\u00eda del 1 de julio de 2019, mat\u00f3 a su padrastro Miguel Angel Mattiazzi, a quien le aplic\u00f3 40 pu\u00f1aladas.<\/p>\n\n\n\n<p>Al momento de la condena, Villalba prest\u00f3 su conformidad diciendo que nada justifica su conducta; y solicit\u00f3 tener una oportunidad para estudiar y ayudar a su familia, con deseos de poder reinsertarse en la sociedad.<\/p>\n\n\n\n<p>Y se puede afirmar que Villalba consigui\u00f3 un excelente acuerdo, ya que logr\u00f3 que le eliminen la figura de &#8220;alevos\u00eda&#8221;, puesto que la misma C\u00e1mara Penal que confirm\u00f3 la condena, dej\u00f3 claro que cab\u00eda esa agravante.<\/p>\n\n\n\n<p>Calificaron el hecho como un &#8220;homicidio simple&#8221;, que tiene reproche de 8 a 25 a\u00f1os. La condena incluye inhabilitaci\u00f3n absoluta, accesorias legales y costas.<\/p>\n\n\n\n<p>Fuente: Reconquista Hoy<\/p>\n\n\n\n<p>Calificaron el hecho como un &#8220;homicidio simple&#8221;, que tiene reproche de 8 a 25 a\u00f1os. La condena incluye inhabilitaci\u00f3n absoluta, accesorias legales y costas.<\/p>\n\n\n\n<p>Fuente: Reconquista Hoy<\/p>\n\n\n<p>ReconqistaHoy<\/p>","protected":false},"excerpt":{"rendered":"<p>El 3 de abril de 2039 vencer\u00e1 la condena a 20 a\u00f1os a Franco Villalba, acordada en un juicio abreviado por la muerte de su padrastro ocurrida en 2019. El tribunal de&#46;&#46;&#46;<\/p>\n","protected":false},"author":1,"featured_media":5579,"comment_status":"closed","ping_status":"closed","sticky":false,"template":"","format":"standard","meta":[],"categories":[2,3,16,10],"tags":[],"_links":{"self":[{"href":"https:\/\/www.revistarescatados.com.ar\/web\/wp-json\/wp\/v2\/posts\/16594"}],"collection":[{"href":"https:\/\/www.revistarescatados.com.ar\/web\/wp-json\/wp\/v2\/posts"}],"about":[{"href":"https:\/\/www.revistarescatados.com.ar\/web\/wp-json\/wp\/v2\/types\/post"}],"author":[{"embeddable":true,"href":"https:\/\/www.revistarescatados.com.ar\/web\/wp-json\/wp\/v2\/users\/1"}],"replies":[{"embeddable":true,"href":"https:\/\/www.revistarescatados.com.ar\/web\/wp-json\/wp\/v2\/comments?post=16594"}],"version-history":[{"count":1,"href":"https:\/\/www.revistarescatados.com.ar\/web\/wp-json\/wp\/v2\/posts\/16594\/revisions"}],"predecessor-version":[{"id":16595,"href":"https:\/\/www.revistarescatados.com.ar\/web\/wp-json\/wp\/v2\/posts\/16594\/revisions\/16595"}],"wp:featuredmedia":[{"embeddable":true,"href":"https:\/\/www.revistarescatados.com.ar\/web\/wp-json\/wp\/v2\/media\/5579"}],"wp:attachment":[{"href":"https:\/\/www.revistarescatados.com.ar\/web\/wp-json\/wp\/v2\/media?parent=16594"}],"wp:term":[{"taxonomy":"category","embeddable":true,"href":"https:\/\/www.revistarescatados.com.ar\/web\/wp-json\/wp\/v2\/categories?post=16594"},{"taxonomy":"post_tag","embeddable":true,"href":"https:\/\/www.revistarescatados.com.ar\/web\/wp-json\/wp\/v2\/tags?post=16594"}],"curies":[{"name":"wp","href":"https:\/\/api.w.org\/{rel}","templated":true}]}}