{"id":16599,"date":"2022-02-26T01:02:20","date_gmt":"2022-02-26T04:02:20","guid":{"rendered":"https:\/\/www.revistarescatados.com.ar\/web\/?p=16599"},"modified":"2022-02-26T09:51:33","modified_gmt":"2022-02-26T12:51:33","slug":"belgrano-espacio-multidisciplinario-en-gobernador-crespo","status":"publish","type":"post","link":"https:\/\/www.revistarescatados.com.ar\/web\/2022\/02\/26\/belgrano-espacio-multidisciplinario-en-gobernador-crespo\/","title":{"rendered":"Belgrano Espacio Multidisciplinario en Gobernador Crespo"},"content":{"rendered":"\n<p><\/p>\n\n\n\n<p><strong><span class=\"has-inline-color has-vivid-red-color\">El Club Belgrano invita a ser parte de esta nueva opci\u00f3n, pensada para pasar la mejor tarde, con m\u00faltiples propuestas y actividades. El Espacio Multidisciplinario incluye Talleres de Literatura, Teatro, Artes Visuales, Cocina, M\u00fasica y Escuela Pre-deportiva.<\/span><\/strong><\/p>\n\n\n\n<figure class=\"wp-block-image size-full\"><img loading=\"lazy\" width=\"677\" height=\"583\" src=\"https:\/\/www.revistarescatados.com.ar\/web\/wp-content\/uploads\/2022\/02\/BEM-PAGINA.jpg\" alt=\"\" class=\"wp-image-16600\" srcset=\"https:\/\/www.revistarescatados.com.ar\/web\/wp-content\/uploads\/2022\/02\/BEM-PAGINA.jpg 677w, https:\/\/www.revistarescatados.com.ar\/web\/wp-content\/uploads\/2022\/02\/BEM-PAGINA-300x258.jpg 300w\" sizes=\"(max-width: 677px) 100vw, 677px\" \/><\/figure>\n\n\n\n<p> Es una manera diferente de compartir la tarde de 16 a 20 horas y aprender divirti\u00e9ndonos, haciendo lo que m\u00e1s nos gusta, disfrutando de todas estas actividades con profesores dispuestos a ense\u00f1ar, educar y formar. <\/p>\n\n\n\n<p>El proyecto est\u00e1 destinado a ni\u00f1os de 2 a 7 a\u00f1os inclusive, las inscripciones ya est\u00e1n abiertas y las clases de los Talleres comenzar\u00e1n el d\u00eda 7 de marzo. <\/p>\n\n\n\n<p>Los interesados pueden consultar en la secretar\u00eda del Club de 8 a 12 y de 15 a 20 horas.<\/p>\n","protected":false},"excerpt":{"rendered":"<p>El Club Belgrano invita a ser parte de esta nueva opci\u00f3n, pensada para pasar la mejor tarde, con m\u00faltiples propuestas y actividades. El Espacio Multidisciplinario incluye Talleres de Literatura, Teatro, Artes Visuales,&#46;&#46;&#46;<\/p>\n","protected":false},"author":1,"featured_media":16600,"comment_status":"closed","ping_status":"closed","sticky":false,"template":"","format":"standard","meta":[],"categories":[4,16,10,8],"tags":[],"_links":{"self":[{"href":"https:\/\/www.revistarescatados.com.ar\/web\/wp-json\/wp\/v2\/posts\/16599"}],"collection":[{"href":"https:\/\/www.revistarescatados.com.ar\/web\/wp-json\/wp\/v2\/posts"}],"about":[{"href":"https:\/\/www.revistarescatados.com.ar\/web\/wp-json\/wp\/v2\/types\/post"}],"author":[{"embeddable":true,"href":"https:\/\/www.revistarescatados.com.ar\/web\/wp-json\/wp\/v2\/users\/1"}],"replies":[{"embeddable":true,"href":"https:\/\/www.revistarescatados.com.ar\/web\/wp-json\/wp\/v2\/comments?post=16599"}],"version-history":[{"count":1,"href":"https:\/\/www.revistarescatados.com.ar\/web\/wp-json\/wp\/v2\/posts\/16599\/revisions"}],"predecessor-version":[{"id":16601,"href":"https:\/\/www.revistarescatados.com.ar\/web\/wp-json\/wp\/v2\/posts\/16599\/revisions\/16601"}],"wp:featuredmedia":[{"embeddable":true,"href":"https:\/\/www.revistarescatados.com.ar\/web\/wp-json\/wp\/v2\/media\/16600"}],"wp:attachment":[{"href":"https:\/\/www.revistarescatados.com.ar\/web\/wp-json\/wp\/v2\/media?parent=16599"}],"wp:term":[{"taxonomy":"category","embeddable":true,"href":"https:\/\/www.revistarescatados.com.ar\/web\/wp-json\/wp\/v2\/categories?post=16599"},{"taxonomy":"post_tag","embeddable":true,"href":"https:\/\/www.revistarescatados.com.ar\/web\/wp-json\/wp\/v2\/tags?post=16599"}],"curies":[{"name":"wp","href":"https:\/\/api.w.org\/{rel}","templated":true}]}}