{"id":16649,"date":"2022-03-04T02:26:29","date_gmt":"2022-03-04T05:26:29","guid":{"rendered":"https:\/\/www.revistarescatados.com.ar\/web\/?p=16649"},"modified":"2022-03-04T02:26:35","modified_gmt":"2022-03-04T05:26:35","slug":"marcelo-vanney-asumio-sus-funciones-en-la-comision-directiva-de-la-festram","status":"publish","type":"post","link":"https:\/\/www.revistarescatados.com.ar\/web\/2022\/03\/04\/marcelo-vanney-asumio-sus-funciones-en-la-comision-directiva-de-la-festram\/","title":{"rendered":"Marcelo Vanney asumi\u00f3 sus funciones en la comisi\u00f3n directiva de la Festram"},"content":{"rendered":"\n<p><br><strong><span class=\"has-inline-color has-vivid-red-color\">El secretario general de ASOEM Calchaqu\u00ed asumi\u00f3 como prosecretario de capacitaci\u00f3n profesional hasta marzo del a\u00f1o 2026.<\/span><\/strong><\/p>\n\n\n\n<figure class=\"wp-block-image size-full\"><img loading=\"lazy\" width=\"761\" height=\"442\" src=\"https:\/\/www.revistarescatados.com.ar\/web\/wp-content\/uploads\/2022\/03\/Marcelo-Vanney.jpg\" alt=\"\" class=\"wp-image-16650\" srcset=\"https:\/\/www.revistarescatados.com.ar\/web\/wp-content\/uploads\/2022\/03\/Marcelo-Vanney.jpg 761w, https:\/\/www.revistarescatados.com.ar\/web\/wp-content\/uploads\/2022\/03\/Marcelo-Vanney-300x174.jpg 300w\" sizes=\"(max-width: 761px) 100vw, 761px\" \/><\/figure>\n\n\n\n<p><br>Fue electo el pasado 14 de diciembre de 2021, en el congreso ordinario de la Federaci\u00f3n de Sindicatos de Trabajadores Municipales de la provincia de Santa Fe.<\/p>\n\n\n\n<p><br>De esta manera integrar\u00e1 el Consejo Directivo y su mandato corresponde al periodo marzo 2022 a marzo 2026.<\/p>\n\n\n\n<p><br>Este jueves 3 de marzo, recibi\u00f3 el certificado que lo acredita como tal en el acto de renovaci\u00f3n de las autoridades de la federaci\u00f3n de gremios que nuclean a trabajadores municipales y comunales.<\/p>\n\n\n\n<figure class=\"wp-block-image size-large\"><img loading=\"lazy\" width=\"768\" height=\"1024\" src=\"https:\/\/www.revistarescatados.com.ar\/web\/wp-content\/uploads\/2022\/03\/Marcelo-Vanney-1-768x1024.jpg\" alt=\"\" class=\"wp-image-16651\" srcset=\"https:\/\/www.revistarescatados.com.ar\/web\/wp-content\/uploads\/2022\/03\/Marcelo-Vanney-1-768x1024.jpg 768w, https:\/\/www.revistarescatados.com.ar\/web\/wp-content\/uploads\/2022\/03\/Marcelo-Vanney-1-225x300.jpg 225w, https:\/\/www.revistarescatados.com.ar\/web\/wp-content\/uploads\/2022\/03\/Marcelo-Vanney-1.jpg 864w\" sizes=\"(max-width: 768px) 100vw, 768px\" \/><\/figure>\n","protected":false},"excerpt":{"rendered":"<p>El secretario general de ASOEM Calchaqu\u00ed asumi\u00f3 como prosecretario de capacitaci\u00f3n profesional hasta marzo del a\u00f1o 2026. Fue electo el pasado 14 de diciembre de 2021, en el congreso ordinario de la&#46;&#46;&#46;<\/p>\n","protected":false},"author":1,"featured_media":16650,"comment_status":"closed","ping_status":"closed","sticky":false,"template":"","format":"standard","meta":[],"categories":[2,3,16,10],"tags":[],"_links":{"self":[{"href":"https:\/\/www.revistarescatados.com.ar\/web\/wp-json\/wp\/v2\/posts\/16649"}],"collection":[{"href":"https:\/\/www.revistarescatados.com.ar\/web\/wp-json\/wp\/v2\/posts"}],"about":[{"href":"https:\/\/www.revistarescatados.com.ar\/web\/wp-json\/wp\/v2\/types\/post"}],"author":[{"embeddable":true,"href":"https:\/\/www.revistarescatados.com.ar\/web\/wp-json\/wp\/v2\/users\/1"}],"replies":[{"embeddable":true,"href":"https:\/\/www.revistarescatados.com.ar\/web\/wp-json\/wp\/v2\/comments?post=16649"}],"version-history":[{"count":1,"href":"https:\/\/www.revistarescatados.com.ar\/web\/wp-json\/wp\/v2\/posts\/16649\/revisions"}],"predecessor-version":[{"id":16652,"href":"https:\/\/www.revistarescatados.com.ar\/web\/wp-json\/wp\/v2\/posts\/16649\/revisions\/16652"}],"wp:featuredmedia":[{"embeddable":true,"href":"https:\/\/www.revistarescatados.com.ar\/web\/wp-json\/wp\/v2\/media\/16650"}],"wp:attachment":[{"href":"https:\/\/www.revistarescatados.com.ar\/web\/wp-json\/wp\/v2\/media?parent=16649"}],"wp:term":[{"taxonomy":"category","embeddable":true,"href":"https:\/\/www.revistarescatados.com.ar\/web\/wp-json\/wp\/v2\/categories?post=16649"},{"taxonomy":"post_tag","embeddable":true,"href":"https:\/\/www.revistarescatados.com.ar\/web\/wp-json\/wp\/v2\/tags?post=16649"}],"curies":[{"name":"wp","href":"https:\/\/api.w.org\/{rel}","templated":true}]}}