{"id":16701,"date":"2022-03-10T00:18:12","date_gmt":"2022-03-10T03:18:12","guid":{"rendered":"https:\/\/www.revistarescatados.com.ar\/web\/?p=16701"},"modified":"2022-03-10T00:18:17","modified_gmt":"2022-03-10T03:18:17","slug":"se-distribuiran-mas-de-5-millones-de-pesos-del-fae-entre-las-19-escuelas-de-calchaqui-video","status":"publish","type":"post","link":"https:\/\/www.revistarescatados.com.ar\/web\/2022\/03\/10\/se-distribuiran-mas-de-5-millones-de-pesos-del-fae-entre-las-19-escuelas-de-calchaqui-video\/","title":{"rendered":"Se distribuir\u00e1n m\u00e1s de 5 millones de pesos del FAE entre las 19 escuelas de Calchaqu\u00ed (video)"},"content":{"rendered":"\n<p><\/p>\n\n\n\n<p><strong><span class=\"has-inline-color has-vivid-red-color\">Las escuelas urbanas recibir\u00e1n $400.000, mientras que las rurales $180.000 del aporte correspondiente al a\u00f1o 2020. La semana pr\u00f3xima, el secretario institucional Adri\u00e1n Spreggero, har\u00e1 efectiva la entrega a cada directivo. El eje de trabajo interinstitucional de este a\u00f1o ser\u00e1 el cuidado del medio y la forestaci\u00f3n.<\/span><\/strong><\/p>\n\n\n\n<figure class=\"wp-block-image size-large\"><img loading=\"lazy\" width=\"1024\" height=\"683\" src=\"https:\/\/www.revistarescatados.com.ar\/web\/wp-content\/uploads\/2022\/03\/fae-2022-1024x683.jpg\" alt=\"\" class=\"wp-image-16702\" srcset=\"https:\/\/www.revistarescatados.com.ar\/web\/wp-content\/uploads\/2022\/03\/fae-2022-1024x683.jpg 1024w, https:\/\/www.revistarescatados.com.ar\/web\/wp-content\/uploads\/2022\/03\/fae-2022-300x200.jpg 300w, https:\/\/www.revistarescatados.com.ar\/web\/wp-content\/uploads\/2022\/03\/fae-2022-768x512.jpg 768w, https:\/\/www.revistarescatados.com.ar\/web\/wp-content\/uploads\/2022\/03\/fae-2022.jpg 1383w\" sizes=\"(max-width: 1024px) 100vw, 1024px\" \/><\/figure>\n\n\n\n<p>En conferencia de prensa, realizada este mi\u00e9rcoles 9 de marzo, el intendente Rub\u00e9n Cuello \u2013 junto al secretario Prof. Adri\u00e1n Spreggero \u2013 anunci\u00f3 la pronta entrega del Fondo de Asistencia Educativa (FAE). El total recibido \u2013 correspondiente al a\u00f1o 2020 &#8211; fue de $7.242.371,11. De ese importe se devengan los gastos de la trafic de discapacidad para pago de chofer y mantenimiento, que asciende a $1.329.297,37; adem\u00e1s se suma el alquiler del edificio para el funcionamiento del CAU de la Universidad Siglo 21por $238.000 y los gastos bancarios que suman $35.988,34.<\/p>\n\n\n\n<iframe loading=\"lazy\" src=\"https:\/\/www.facebook.com\/plugins\/video.php?height=314&#038;href=https%3A%2F%2Fwww.facebook.com%2Frescatados.calchaqui.5%2Fvideos%2F1128293264652678%2F&#038;show_text=false&#038;width=560&#038;t=0\" width=\"560\" height=\"314\" style=\"border:none;overflow:hidden\" scrolling=\"no\" frameborder=\"0\" allowfullscreen=\"true\" allow=\"autoplay; clipboard-write; encrypted-media; picture-in-picture; web-share\" allowFullScreen=\"true\"><\/iframe>\n\n\n\n<p>Por lo tanto, el importe final a distribuir entre los 19 establecimientos educativos es de $5.640.000. Las escuelas ubicadas en el radio urbano recibir\u00e1n cada una $400.000; mientras que las rurales $180.000. La entrega de los cheques \u2013 que lleva la firma de la comisi\u00f3n FAE integrada por el intendente Rub\u00e9n Cuello, tesorero Germ\u00e1n Pigh\u00edn y secretaria Fabiana Driussi \u2013 se har\u00e1 efectiva la semana pr\u00f3xima. A cargo de tal tarea estar\u00e1 el secretario institucional Prof. Adri\u00e1n Spreggero, con la idea de profundizar acerca de los proyectos y necesidades de cada instituci\u00f3n.<\/p>\n\n\n\n<p>El intendente remarco, que este a\u00f1o el eje de trabajo interinstitucional estar\u00e1 marcado por el manejo de residuos, cuidado del medioambiente y reforestaci\u00f3n.<\/p>\n","protected":false},"excerpt":{"rendered":"<p>Las escuelas urbanas recibir\u00e1n $400.000, mientras que las rurales $180.000 del aporte correspondiente al a\u00f1o 2020. La semana pr\u00f3xima, el secretario institucional Adri\u00e1n Spreggero, har\u00e1 efectiva la entrega a cada directivo. El&#46;&#46;&#46;<\/p>\n","protected":false},"author":1,"featured_media":16702,"comment_status":"closed","ping_status":"closed","sticky":false,"template":"","format":"standard","meta":[],"categories":[2,3,16,15],"tags":[],"_links":{"self":[{"href":"https:\/\/www.revistarescatados.com.ar\/web\/wp-json\/wp\/v2\/posts\/16701"}],"collection":[{"href":"https:\/\/www.revistarescatados.com.ar\/web\/wp-json\/wp\/v2\/posts"}],"about":[{"href":"https:\/\/www.revistarescatados.com.ar\/web\/wp-json\/wp\/v2\/types\/post"}],"author":[{"embeddable":true,"href":"https:\/\/www.revistarescatados.com.ar\/web\/wp-json\/wp\/v2\/users\/1"}],"replies":[{"embeddable":true,"href":"https:\/\/www.revistarescatados.com.ar\/web\/wp-json\/wp\/v2\/comments?post=16701"}],"version-history":[{"count":1,"href":"https:\/\/www.revistarescatados.com.ar\/web\/wp-json\/wp\/v2\/posts\/16701\/revisions"}],"predecessor-version":[{"id":16703,"href":"https:\/\/www.revistarescatados.com.ar\/web\/wp-json\/wp\/v2\/posts\/16701\/revisions\/16703"}],"wp:featuredmedia":[{"embeddable":true,"href":"https:\/\/www.revistarescatados.com.ar\/web\/wp-json\/wp\/v2\/media\/16702"}],"wp:attachment":[{"href":"https:\/\/www.revistarescatados.com.ar\/web\/wp-json\/wp\/v2\/media?parent=16701"}],"wp:term":[{"taxonomy":"category","embeddable":true,"href":"https:\/\/www.revistarescatados.com.ar\/web\/wp-json\/wp\/v2\/categories?post=16701"},{"taxonomy":"post_tag","embeddable":true,"href":"https:\/\/www.revistarescatados.com.ar\/web\/wp-json\/wp\/v2\/tags?post=16701"}],"curies":[{"name":"wp","href":"https:\/\/api.w.org\/{rel}","templated":true}]}}