{"id":16760,"date":"2022-03-14T20:57:04","date_gmt":"2022-03-14T23:57:04","guid":{"rendered":"https:\/\/www.revistarescatados.com.ar\/web\/?p=16760"},"modified":"2022-03-14T20:57:09","modified_gmt":"2022-03-14T23:57:09","slug":"dos-motos-involucradas-en-un-siniestro-vial-y-conduccion-peligrosa-en-calchaqui","status":"publish","type":"post","link":"https:\/\/www.revistarescatados.com.ar\/web\/2022\/03\/14\/dos-motos-involucradas-en-un-siniestro-vial-y-conduccion-peligrosa-en-calchaqui\/","title":{"rendered":"Dos motos involucradas en un siniestro vial y conducci\u00f3n peligrosa en Calchaqu\u00ed"},"content":{"rendered":"\n<p><strong><span class=\"has-inline-color has-vivid-red-color\">El domingo a la noche se produjo la colisi\u00f3n entre una moto y una camioneta en la ruta 11. Mientras que en la madrugada del domingo la polic\u00eda secuestr\u00f3 una moto a un joven de 19 a\u00f1os que circulaba a gran velocidad y sin luces por la ruta.<\/span><\/strong><\/p>\n\n\n\n<figure class=\"wp-block-image size-large\"><img loading=\"lazy\" width=\"1024\" height=\"768\" src=\"https:\/\/www.revistarescatados.com.ar\/web\/wp-content\/uploads\/2022\/03\/moto-secuestrada-1024x768.jpg\" alt=\"\" class=\"wp-image-16761\" srcset=\"https:\/\/www.revistarescatados.com.ar\/web\/wp-content\/uploads\/2022\/03\/moto-secuestrada-1024x768.jpg 1024w, https:\/\/www.revistarescatados.com.ar\/web\/wp-content\/uploads\/2022\/03\/moto-secuestrada-300x225.jpg 300w, https:\/\/www.revistarescatados.com.ar\/web\/wp-content\/uploads\/2022\/03\/moto-secuestrada-768x576.jpg 768w, https:\/\/www.revistarescatados.com.ar\/web\/wp-content\/uploads\/2022\/03\/moto-secuestrada.jpg 1280w\" sizes=\"(max-width: 1024px) 100vw, 1024px\" \/><\/figure>\n\n\n\n<p><br>Personal policial de la Comisara 2da de Calchaqu\u00ed en horas de la madrugada del domingo 13 de marzo, momentos en que personal realizaba Patrullajes preventivos por Ruta 11 pueden observar a un hombre que se conduc\u00eda en una motocicleta a gran velocidad sin ning\u00fan tipo de luces.<\/p>\n\n\n\n<p> Con su accionar pon\u00eda en riesgo su integridad f\u00edsica como la de terceros. Se procedi\u00f3 a detener la marcha y al secuestro preventivo del motoveh\u00edculo, una moto marca Honda WAVE 110 sin dominio. Adem\u00e1s se traslad\u00f3 a su conductor &#8211; un joven de 19 a\u00f1os de edad &#8211; domiciliado en ese medio.<\/p>\n\n\n\n<p><br><strong>ACCIDENTE DE TR\u00c1NSITO<\/strong><br>Siendo las 20.20 personal policial de la Comisaria 2da de Calchaqu\u00ed se constituyen en ruta Nro 11 km 783, por causas se tratan de establecer, entraron en colisi\u00f3n moto ROUSER BAJAJ, color azul, sin dominio visible, ocupada por dos j\u00f3venes mayores de edad y una camioneta Chevrolet S10 color azul, conducida por un hombre, mayor d edad, acompa\u00f1ados por una mujer de 61 a\u00f1os de edad y un joven de 29 a\u00f1os de edad.<\/p>\n\n\n\n<p> Los ocupantes de la moto resultaron con lesiones, siendo trasladados a SAMCO local, en tanto que ocupantes del veh\u00edculo de mayor porte resultaron ilesos. Los intervinientes del accidente todos con domicilio en Calchaqu\u00ed. <\/p>\n","protected":false},"excerpt":{"rendered":"<p>El domingo a la noche se produjo la colisi\u00f3n entre una moto y una camioneta en la ruta 11. Mientras que en la madrugada del domingo la polic\u00eda secuestr\u00f3 una moto a&#46;&#46;&#46;<\/p>\n","protected":false},"author":1,"featured_media":16761,"comment_status":"closed","ping_status":"closed","sticky":false,"template":"","format":"standard","meta":[],"categories":[2,3,16,11],"tags":[],"_links":{"self":[{"href":"https:\/\/www.revistarescatados.com.ar\/web\/wp-json\/wp\/v2\/posts\/16760"}],"collection":[{"href":"https:\/\/www.revistarescatados.com.ar\/web\/wp-json\/wp\/v2\/posts"}],"about":[{"href":"https:\/\/www.revistarescatados.com.ar\/web\/wp-json\/wp\/v2\/types\/post"}],"author":[{"embeddable":true,"href":"https:\/\/www.revistarescatados.com.ar\/web\/wp-json\/wp\/v2\/users\/1"}],"replies":[{"embeddable":true,"href":"https:\/\/www.revistarescatados.com.ar\/web\/wp-json\/wp\/v2\/comments?post=16760"}],"version-history":[{"count":1,"href":"https:\/\/www.revistarescatados.com.ar\/web\/wp-json\/wp\/v2\/posts\/16760\/revisions"}],"predecessor-version":[{"id":16762,"href":"https:\/\/www.revistarescatados.com.ar\/web\/wp-json\/wp\/v2\/posts\/16760\/revisions\/16762"}],"wp:featuredmedia":[{"embeddable":true,"href":"https:\/\/www.revistarescatados.com.ar\/web\/wp-json\/wp\/v2\/media\/16761"}],"wp:attachment":[{"href":"https:\/\/www.revistarescatados.com.ar\/web\/wp-json\/wp\/v2\/media?parent=16760"}],"wp:term":[{"taxonomy":"category","embeddable":true,"href":"https:\/\/www.revistarescatados.com.ar\/web\/wp-json\/wp\/v2\/categories?post=16760"},{"taxonomy":"post_tag","embeddable":true,"href":"https:\/\/www.revistarescatados.com.ar\/web\/wp-json\/wp\/v2\/tags?post=16760"}],"curies":[{"name":"wp","href":"https:\/\/api.w.org\/{rel}","templated":true}]}}