{"id":16827,"date":"2022-03-26T10:22:07","date_gmt":"2022-03-26T13:22:07","guid":{"rendered":"https:\/\/www.revistarescatados.com.ar\/web\/?p=16827"},"modified":"2022-03-26T10:22:12","modified_gmt":"2022-03-26T13:22:12","slug":"se-suspendieron-hasta-2024-los-desalojos-rurales-a-pequenos-productores-en-la-provincia-de-santa-fe","status":"publish","type":"post","link":"https:\/\/www.revistarescatados.com.ar\/web\/2022\/03\/26\/se-suspendieron-hasta-2024-los-desalojos-rurales-a-pequenos-productores-en-la-provincia-de-santa-fe\/","title":{"rendered":"Se suspendieron hasta 2024 los desalojos rurales a peque\u00f1os productores en la provincia de Santa Fe"},"content":{"rendered":"\n<p><\/p>\n\n\n\n<p><strong><span class=\"has-inline-color has-vivid-red-color\">La Legislatura Provincial aprob\u00f3 una nueva pr\u00f3rroga de la Ley 13.666 que declara &#8220;el estado de emergencia en materia de propiedad y posesi\u00f3n\u201d para productores rurales de peque\u00f1a escala con m\u00e1s de 10 a\u00f1os de ocupaci\u00f3n ininterrumpida y pac\u00edfica.<\/span><\/strong><\/p>\n\n\n\n<figure class=\"wp-block-image size-large\"><img loading=\"lazy\" width=\"1024\" height=\"640\" src=\"http:\/\/www.revistarescatados.com.ar\/web\/wp-content\/uploads\/2020\/03\/campo-1024x640.jpg\" alt=\"\" class=\"wp-image-8249\" srcset=\"https:\/\/www.revistarescatados.com.ar\/web\/wp-content\/uploads\/2020\/03\/campo-1024x640.jpg 1024w, https:\/\/www.revistarescatados.com.ar\/web\/wp-content\/uploads\/2020\/03\/campo-300x188.jpg 300w, https:\/\/www.revistarescatados.com.ar\/web\/wp-content\/uploads\/2020\/03\/campo-768x480.jpg 768w\" sizes=\"(max-width: 1024px) 100vw, 1024px\" \/><\/figure>\n\n\n\n<p>Por iniciativa del gobierno provincial, el pasado jueves 17 de marzo la Legislatura Provincial dio luz verde a una nueva pr\u00f3rroga de la Ley 13.666, extendiendo as\u00ed hasta 2024 \u201cel estado de emergencia en materia de propiedad y posesi\u00f3n de las tierras ocupadas por los peque\u00f1os productores, familias de trabajadores rurales, campesinos e ind\u00edgenas que acrediten una ocupaci\u00f3n efectiva, ininterrumpida y continuada, p\u00fablica y pac\u00edfica, del predio rural por un t\u00e9rmino superior a diez a\u00f1os&#8221;. De esta manera, se suspendi\u00f3 por dos a\u00f1os la ejecuci\u00f3n de acciones legales que condujeran al desalojo de dichas tierras.<\/p>\n\n\n\n<p><br>El Ministerio de Producci\u00f3n, Ciencia y Tecnolog\u00eda elev\u00f3 una nota a la Legislatura solicitando esta medida. En este sentido, el secretario de Desarrollo Territorial y Arraigo, Fabricio Medina, expres\u00f3: \u201cEntendemos que es importante continuar con este estado de emergencia para poder ir resolviendo las distintas situaciones de posesi\u00f3n de peque\u00f1os productores. Adem\u00e1s se lleva adelante un trabajo articulado con distintas \u00e1reas de gobierno para poder llegar a la regularizaci\u00f3n dominial de peque\u00f1os productores que no pueden acceder a ese beneficio\u201d.<\/p>\n\n\n\n<p>Vale mencionar que en el marco de esta Ley 13.666, la provincia lleva adelante un Programa de Regularizaci\u00f3n Dominial con el objeto de realizar un relevamiento de la situaci\u00f3n posesoria de peque\u00f1os productores ubicados en el territorio provincial y dise\u00f1ar propuestas para regularizar la posesi\u00f3n. Para formar parte de esta iniciativa, es necesaria la inscripci\u00f3n al Registro Personal de Poseedores, para lo cual puede consultarse el siguiente tr\u00e1mite: <strong><a href=\"https:\/\/www.santafe.gob.ar\/index.php\/tramites\/modul1\/index?m=descripcion&amp;id=265632\"><span class=\"has-inline-color has-vivid-red-color\">https:\/\/www.santafe.gob.ar\/index.php\/tramites\/modul1\/index?m=descripcion&amp;id=265632<\/span><\/a><\/strong><\/p>\n\n\n\n<p>A los fines de resolver las situaciones posesorias, este Programa crea una Comisi\u00f3n de Asesoramiento, presidida por un representantes del Ministerio de la Producci\u00f3n, Ciencia y Tecnolog\u00eda, las asociaciones o entidades de peque\u00f1os productores e ind\u00edgenas, el Ministerio de Gesti\u00f3n P\u00fablica, la Secretar\u00eda de H\u00e1bitat, Vivienda y Urbanismo, el Servicio de Catastro e Informaci\u00f3n Territorial, el Ministerio de Gobierno, Justicia y Derechos Humanos y la Legislatura provincial.<\/p>\n","protected":false},"excerpt":{"rendered":"<p>La Legislatura Provincial aprob\u00f3 una nueva pr\u00f3rroga de la Ley 13.666 que declara &#8220;el estado de emergencia en materia de propiedad y posesi\u00f3n\u201d para productores rurales de peque\u00f1a escala con m\u00e1s de&#46;&#46;&#46;<\/p>\n","protected":false},"author":1,"featured_media":8249,"comment_status":"closed","ping_status":"closed","sticky":false,"template":"","format":"standard","meta":[],"categories":[16,10,12,8],"tags":[],"_links":{"self":[{"href":"https:\/\/www.revistarescatados.com.ar\/web\/wp-json\/wp\/v2\/posts\/16827"}],"collection":[{"href":"https:\/\/www.revistarescatados.com.ar\/web\/wp-json\/wp\/v2\/posts"}],"about":[{"href":"https:\/\/www.revistarescatados.com.ar\/web\/wp-json\/wp\/v2\/types\/post"}],"author":[{"embeddable":true,"href":"https:\/\/www.revistarescatados.com.ar\/web\/wp-json\/wp\/v2\/users\/1"}],"replies":[{"embeddable":true,"href":"https:\/\/www.revistarescatados.com.ar\/web\/wp-json\/wp\/v2\/comments?post=16827"}],"version-history":[{"count":1,"href":"https:\/\/www.revistarescatados.com.ar\/web\/wp-json\/wp\/v2\/posts\/16827\/revisions"}],"predecessor-version":[{"id":16828,"href":"https:\/\/www.revistarescatados.com.ar\/web\/wp-json\/wp\/v2\/posts\/16827\/revisions\/16828"}],"wp:featuredmedia":[{"embeddable":true,"href":"https:\/\/www.revistarescatados.com.ar\/web\/wp-json\/wp\/v2\/media\/8249"}],"wp:attachment":[{"href":"https:\/\/www.revistarescatados.com.ar\/web\/wp-json\/wp\/v2\/media?parent=16827"}],"wp:term":[{"taxonomy":"category","embeddable":true,"href":"https:\/\/www.revistarescatados.com.ar\/web\/wp-json\/wp\/v2\/categories?post=16827"},{"taxonomy":"post_tag","embeddable":true,"href":"https:\/\/www.revistarescatados.com.ar\/web\/wp-json\/wp\/v2\/tags?post=16827"}],"curies":[{"name":"wp","href":"https:\/\/api.w.org\/{rel}","templated":true}]}}