{"id":16834,"date":"2022-03-29T01:12:11","date_gmt":"2022-03-29T04:12:11","guid":{"rendered":"https:\/\/www.revistarescatados.com.ar\/web\/?p=16834"},"modified":"2022-03-29T01:12:17","modified_gmt":"2022-03-29T04:12:17","slug":"seis-empresas-entrenaran-laboralmente-a-jovenes-en-atencion-al-cliente-y-reposicion-de-mercaderias","status":"publish","type":"post","link":"https:\/\/www.revistarescatados.com.ar\/web\/2022\/03\/29\/seis-empresas-entrenaran-laboralmente-a-jovenes-en-atencion-al-cliente-y-reposicion-de-mercaderias\/","title":{"rendered":"Seis empresas entrenar\u00e1n laboralmente a j\u00f3venes en atenci\u00f3n al cliente y reposici\u00f3n de mercader\u00edas"},"content":{"rendered":"\n<p><br><strong><span class=\"has-inline-color has-vivid-red-color\">En la Oficina de Empleo Municipal se llev\u00f3 a cabo la firma de los proyectos de entrenamientos gestionados antes el Ministerio de Empleo, Trabajo y Seguridad de la Naci\u00f3n. <\/span><\/strong><\/p>\n\n\n\n<figure class=\"wp-block-image size-full\"><img loading=\"lazy\" width=\"871\" height=\"656\" src=\"https:\/\/www.revistarescatados.com.ar\/web\/wp-content\/uploads\/2022\/03\/entrenamiento-laboral.jpg\" alt=\"\" class=\"wp-image-16835\" srcset=\"https:\/\/www.revistarescatados.com.ar\/web\/wp-content\/uploads\/2022\/03\/entrenamiento-laboral.jpg 871w, https:\/\/www.revistarescatados.com.ar\/web\/wp-content\/uploads\/2022\/03\/entrenamiento-laboral-300x226.jpg 300w, https:\/\/www.revistarescatados.com.ar\/web\/wp-content\/uploads\/2022\/03\/entrenamiento-laboral-768x578.jpg 768w\" sizes=\"(max-width: 871px) 100vw, 871px\" \/><\/figure>\n\n\n\n<p><span class=\"has-inline-color has-black-color\">De este modo, 6 j\u00f3venes se capacitar\u00e1n en los puestos de atenci\u00f3n al cliente y reposici\u00f3n de mercader\u00eda. <\/span><\/p>\n\n\n\n<p><br>Agradecieron a los comercios que conf\u00edan en los programas y les permiten a los j\u00f3venes mejorar su empleabilidad.<\/p>\n\n\n\n<p><br>?Cotill\u00f3n Calchaqu\u00ed.<br>?Retoques.<br>?Poller\u00eda SANTA ROSA<br>?SOLO MOTO<br>?Metal\u00fargica Mussin<br>?Ecoser<\/p>\n","protected":false},"excerpt":{"rendered":"<p>En la Oficina de Empleo Municipal se llev\u00f3 a cabo la firma de los proyectos de entrenamientos gestionados antes el Ministerio de Empleo, Trabajo y Seguridad de la Naci\u00f3n. De este modo,&#46;&#46;&#46;<\/p>\n","protected":false},"author":1,"featured_media":16835,"comment_status":"closed","ping_status":"closed","sticky":false,"template":"","format":"standard","meta":[],"categories":[2,3,16,8],"tags":[],"_links":{"self":[{"href":"https:\/\/www.revistarescatados.com.ar\/web\/wp-json\/wp\/v2\/posts\/16834"}],"collection":[{"href":"https:\/\/www.revistarescatados.com.ar\/web\/wp-json\/wp\/v2\/posts"}],"about":[{"href":"https:\/\/www.revistarescatados.com.ar\/web\/wp-json\/wp\/v2\/types\/post"}],"author":[{"embeddable":true,"href":"https:\/\/www.revistarescatados.com.ar\/web\/wp-json\/wp\/v2\/users\/1"}],"replies":[{"embeddable":true,"href":"https:\/\/www.revistarescatados.com.ar\/web\/wp-json\/wp\/v2\/comments?post=16834"}],"version-history":[{"count":1,"href":"https:\/\/www.revistarescatados.com.ar\/web\/wp-json\/wp\/v2\/posts\/16834\/revisions"}],"predecessor-version":[{"id":16836,"href":"https:\/\/www.revistarescatados.com.ar\/web\/wp-json\/wp\/v2\/posts\/16834\/revisions\/16836"}],"wp:featuredmedia":[{"embeddable":true,"href":"https:\/\/www.revistarescatados.com.ar\/web\/wp-json\/wp\/v2\/media\/16835"}],"wp:attachment":[{"href":"https:\/\/www.revistarescatados.com.ar\/web\/wp-json\/wp\/v2\/media?parent=16834"}],"wp:term":[{"taxonomy":"category","embeddable":true,"href":"https:\/\/www.revistarescatados.com.ar\/web\/wp-json\/wp\/v2\/categories?post=16834"},{"taxonomy":"post_tag","embeddable":true,"href":"https:\/\/www.revistarescatados.com.ar\/web\/wp-json\/wp\/v2\/tags?post=16834"}],"curies":[{"name":"wp","href":"https:\/\/api.w.org\/{rel}","templated":true}]}}