{"id":16899,"date":"2022-04-05T18:02:53","date_gmt":"2022-04-05T21:02:53","guid":{"rendered":"https:\/\/www.revistarescatados.com.ar\/web\/?p=16899"},"modified":"2022-04-05T18:03:00","modified_gmt":"2022-04-05T21:03:00","slug":"comenzo-el-propedeutico-en-carreras-del-cemb-gobernador-crespo","status":"publish","type":"post","link":"https:\/\/www.revistarescatados.com.ar\/web\/2022\/04\/05\/comenzo-el-propedeutico-en-carreras-del-cemb-gobernador-crespo\/","title":{"rendered":"Comenz\u00f3 el proped\u00e9utico en carreras del CEMB Gobernador Crespo"},"content":{"rendered":"\n<p><\/p>\n\n\n\n<p><strong><span class=\"has-inline-color has-vivid-red-color\">En las instalaciones del Centro de Estudios Mutual Belgrano, comenz\u00f3 el curso de inicio a las carreras 2022. Se les dio la bienvenida a los 56 alumnos de la cohorte de Enfermer\u00eda y a los 19 ingresantes a la Carrera de Tecnicatura Superior en Familia, Ni\u00f1ez y Adolescencia en Situaci\u00f3n de Riesgo. <\/span><\/strong><\/p>\n\n\n\n<figure class=\"wp-block-image size-large\"><img loading=\"lazy\" width=\"1024\" height=\"566\" src=\"https:\/\/www.revistarescatados.com.ar\/web\/wp-content\/uploads\/2022\/04\/Propedeutico-CEMB-2022-1024x566.jpg\" alt=\"\" class=\"wp-image-16900\" srcset=\"https:\/\/www.revistarescatados.com.ar\/web\/wp-content\/uploads\/2022\/04\/Propedeutico-CEMB-2022-1024x566.jpg 1024w, https:\/\/www.revistarescatados.com.ar\/web\/wp-content\/uploads\/2022\/04\/Propedeutico-CEMB-2022-300x166.jpg 300w, https:\/\/www.revistarescatados.com.ar\/web\/wp-content\/uploads\/2022\/04\/Propedeutico-CEMB-2022-768x424.jpg 768w, https:\/\/www.revistarescatados.com.ar\/web\/wp-content\/uploads\/2022\/04\/Propedeutico-CEMB-2022.jpg 1039w\" sizes=\"(max-width: 1024px) 100vw, 1024px\" \/><\/figure>\n\n\n\n<p>Es una verdadera satisfacci\u00f3n poder decir que es el mayor n\u00famero de ingresantes desde el a\u00f1o 2014 en que abri\u00f3 sus puertas el CEMB, y adem\u00e1s que el \u00e1rea de influencia se ha extendido, ya que en esta ocasi\u00f3n tenemos ingresantes desde San Javier hasta la zona rural de La Penca y desde San Justo hasta Calchaqu\u00ed por el corredor de la Ruta 11. <\/p>\n\n\n\n<p>El recibimiento a los alumnos estuvo a cargo del se\u00f1or Jorge Garc\u00eda Gerente General de Mutual Belgrano quien adem\u00e1s estuvo acompa\u00f1ado del Presidente Comunal Luciano Lemaire y del se\u00f1or Juan Manuel Nardoni en representaci\u00f3n comunal, ya que ambas Instituciones fueron importantes en un trabajo conjunto para que la Carrera de Enfermer\u00eda llegue a dictarse en el CEMB. De la apertura tambi\u00e9n tom\u00f3 parte el profesor Nicol\u00e1s Alesso, en representaci\u00f3n de la Coordinaci\u00f3n del Centro de Estudios.<\/p>\n\n\n\n<figure class=\"wp-block-image size-full\"><img loading=\"lazy\" width=\"576\" height=\"561\" src=\"https:\/\/www.revistarescatados.com.ar\/web\/wp-content\/uploads\/2022\/04\/Propedeutico-CEMB-2022-1.jpg\" alt=\"\" class=\"wp-image-16901\" srcset=\"https:\/\/www.revistarescatados.com.ar\/web\/wp-content\/uploads\/2022\/04\/Propedeutico-CEMB-2022-1.jpg 576w, https:\/\/www.revistarescatados.com.ar\/web\/wp-content\/uploads\/2022\/04\/Propedeutico-CEMB-2022-1-300x292.jpg 300w\" sizes=\"(max-width: 576px) 100vw, 576px\" \/><\/figure>\n\n\n\n<p>De este modo se inici\u00f3 el Proped\u00e9utico 2022, que continuar\u00e1 este viernes, lunes y pr\u00f3ximo mi\u00e9rcoles, ya que el d\u00eda 11 de abril dar\u00e1n comienzo las clases en ambas carreras.<\/p>\n\n\n\n<p>Prensa Mutual Belgrano<\/p>\n","protected":false},"excerpt":{"rendered":"<p>En las instalaciones del Centro de Estudios Mutual Belgrano, comenz\u00f3 el curso de inicio a las carreras 2022. Se les dio la bienvenida a los 56 alumnos de la cohorte de Enfermer\u00eda&#46;&#46;&#46;<\/p>\n","protected":false},"author":1,"featured_media":16900,"comment_status":"closed","ping_status":"closed","sticky":false,"template":"","format":"standard","meta":[],"categories":[4,16,15],"tags":[],"_links":{"self":[{"href":"https:\/\/www.revistarescatados.com.ar\/web\/wp-json\/wp\/v2\/posts\/16899"}],"collection":[{"href":"https:\/\/www.revistarescatados.com.ar\/web\/wp-json\/wp\/v2\/posts"}],"about":[{"href":"https:\/\/www.revistarescatados.com.ar\/web\/wp-json\/wp\/v2\/types\/post"}],"author":[{"embeddable":true,"href":"https:\/\/www.revistarescatados.com.ar\/web\/wp-json\/wp\/v2\/users\/1"}],"replies":[{"embeddable":true,"href":"https:\/\/www.revistarescatados.com.ar\/web\/wp-json\/wp\/v2\/comments?post=16899"}],"version-history":[{"count":1,"href":"https:\/\/www.revistarescatados.com.ar\/web\/wp-json\/wp\/v2\/posts\/16899\/revisions"}],"predecessor-version":[{"id":16902,"href":"https:\/\/www.revistarescatados.com.ar\/web\/wp-json\/wp\/v2\/posts\/16899\/revisions\/16902"}],"wp:featuredmedia":[{"embeddable":true,"href":"https:\/\/www.revistarescatados.com.ar\/web\/wp-json\/wp\/v2\/media\/16900"}],"wp:attachment":[{"href":"https:\/\/www.revistarescatados.com.ar\/web\/wp-json\/wp\/v2\/media?parent=16899"}],"wp:term":[{"taxonomy":"category","embeddable":true,"href":"https:\/\/www.revistarescatados.com.ar\/web\/wp-json\/wp\/v2\/categories?post=16899"},{"taxonomy":"post_tag","embeddable":true,"href":"https:\/\/www.revistarescatados.com.ar\/web\/wp-json\/wp\/v2\/tags?post=16899"}],"curies":[{"name":"wp","href":"https:\/\/api.w.org\/{rel}","templated":true}]}}