{"id":16951,"date":"2022-04-11T22:12:44","date_gmt":"2022-04-12T01:12:44","guid":{"rendered":"https:\/\/www.revistarescatados.com.ar\/web\/?p=16951"},"modified":"2022-04-11T22:12:50","modified_gmt":"2022-04-12T01:12:50","slug":"el-diputado-fabian-bastia-participo-del-torneo-de-futbol-infantil-de-giulini-fc","status":"publish","type":"post","link":"https:\/\/www.revistarescatados.com.ar\/web\/2022\/04\/11\/el-diputado-fabian-bastia-participo-del-torneo-de-futbol-infantil-de-giulini-fc\/","title":{"rendered":"El diputado Fabi\u00e1n Bast\u00eda particip\u00f3 del torneo de f\u00fatbol infantil de Giulini Fc"},"content":{"rendered":"\n<p><strong><span class=\"has-inline-color has-vivid-red-color\">El legislador hizo entrega de la declaraci\u00f3n de inter\u00e9s de la C\u00e1mara de Diputados a los organizadores de la decimosexta edici\u00f3n de certamen deportivo que reuni\u00f3 a casi mil ni\u00f1os y adolescentes de la provincia en Gobernador Crespo.<\/span><\/strong><\/p>\n\n\n\n<p><strong><span class=\"has-inline-color has-vivid-red-color\"><br><\/span><\/strong>Bast\u00eda junto al senador provincial Rodrigo Borla y al dirigente local  Ivan P\u00e9rez acompa\u00f1aron a Giuliani FC en su 16\u00b0 torneo de f\u00fatbol Infantil que en esta ocasi\u00f3n convoc\u00f3 a 955 ni\u00f1os y adolescentes.<\/p>\n\n\n\n<figure class=\"wp-block-image size-large\"><img loading=\"lazy\" width=\"1024\" height=\"768\" src=\"https:\/\/www.revistarescatados.com.ar\/web\/wp-content\/uploads\/2022\/04\/Bastia-en-Giuliani-1024x768.jpg\" alt=\"\" class=\"wp-image-16952\" srcset=\"https:\/\/www.revistarescatados.com.ar\/web\/wp-content\/uploads\/2022\/04\/Bastia-en-Giuliani-1024x768.jpg 1024w, https:\/\/www.revistarescatados.com.ar\/web\/wp-content\/uploads\/2022\/04\/Bastia-en-Giuliani-300x225.jpg 300w, https:\/\/www.revistarescatados.com.ar\/web\/wp-content\/uploads\/2022\/04\/Bastia-en-Giuliani-768x576.jpg 768w, https:\/\/www.revistarescatados.com.ar\/web\/wp-content\/uploads\/2022\/04\/Bastia-en-Giuliani.jpg 1440w\" sizes=\"(max-width: 1024px) 100vw, 1024px\" \/><\/figure>\n\n\n\n<p><br>Adem\u00e1s, hizo entrega de la declaraci\u00f3n de inter\u00e9s por parte de la c\u00e1mara de diputados y diputadas, y entrega de pelotas para que los ni\u00f1os puedan seguir disfrutando de este hermoso torneo.<\/p>\n\n\n\n<p><br>&#8220;Quiero hacer llegar mis felicitaciones por la extraordinaria organizaci\u00f3n y ejemplar desempe\u00f1o de todas las delegaciones. Muchas gracias Jorge Ca\u00f1ete y a todo su equipo&#8221;, se\u00f1al\u00f3 el diputado Bast\u00eda.<\/p>\n\n\n\n<figure class=\"wp-block-image size-full\"><img loading=\"lazy\" width=\"1024\" height=\"576\" src=\"https:\/\/www.revistarescatados.com.ar\/web\/wp-content\/uploads\/2022\/04\/Bastia-en-Vigilia.jpg\" alt=\"\" class=\"wp-image-16953\" srcset=\"https:\/\/www.revistarescatados.com.ar\/web\/wp-content\/uploads\/2022\/04\/Bastia-en-Vigilia.jpg 1024w, https:\/\/www.revistarescatados.com.ar\/web\/wp-content\/uploads\/2022\/04\/Bastia-en-Vigilia-300x169.jpg 300w, https:\/\/www.revistarescatados.com.ar\/web\/wp-content\/uploads\/2022\/04\/Bastia-en-Vigilia-768x432.jpg 768w\" sizes=\"(max-width: 1024px) 100vw, 1024px\" \/><\/figure>\n\n\n\n<p><strong><span class=\"has-inline-color has-vivid-cyan-blue-color\">VIGILIA POR EL 2 DE ABRIL<\/span><\/strong><\/p>\n\n\n\n<p>El pasado 1| de abril, el legislador hab\u00eda participado  de la vigilia organizada por el Museo Regional de Gobernador Crespo &#8220;Sebasti\u00e1n Puig&#8221;, en donde fueron homenajeados los h\u00e9roes de Malvinas. &#8220;Cada 2 de abril, reafirmamos: las Malvinas siempre ser\u00e1n argentinas&#8221;, se\u00f1al\u00f3 Bast\u00eda..<\/p>\n","protected":false},"excerpt":{"rendered":"<p>El legislador hizo entrega de la declaraci\u00f3n de inter\u00e9s de la C\u00e1mara de Diputados a los organizadores de la decimosexta edici\u00f3n de certamen deportivo que reuni\u00f3 a casi mil ni\u00f1os y adolescentes&#46;&#46;&#46;<\/p>\n","protected":false},"author":1,"featured_media":16952,"comment_status":"closed","ping_status":"closed","sticky":false,"template":"","format":"standard","meta":[],"categories":[7,4,17,16,13],"tags":[],"_links":{"self":[{"href":"https:\/\/www.revistarescatados.com.ar\/web\/wp-json\/wp\/v2\/posts\/16951"}],"collection":[{"href":"https:\/\/www.revistarescatados.com.ar\/web\/wp-json\/wp\/v2\/posts"}],"about":[{"href":"https:\/\/www.revistarescatados.com.ar\/web\/wp-json\/wp\/v2\/types\/post"}],"author":[{"embeddable":true,"href":"https:\/\/www.revistarescatados.com.ar\/web\/wp-json\/wp\/v2\/users\/1"}],"replies":[{"embeddable":true,"href":"https:\/\/www.revistarescatados.com.ar\/web\/wp-json\/wp\/v2\/comments?post=16951"}],"version-history":[{"count":1,"href":"https:\/\/www.revistarescatados.com.ar\/web\/wp-json\/wp\/v2\/posts\/16951\/revisions"}],"predecessor-version":[{"id":16954,"href":"https:\/\/www.revistarescatados.com.ar\/web\/wp-json\/wp\/v2\/posts\/16951\/revisions\/16954"}],"wp:featuredmedia":[{"embeddable":true,"href":"https:\/\/www.revistarescatados.com.ar\/web\/wp-json\/wp\/v2\/media\/16952"}],"wp:attachment":[{"href":"https:\/\/www.revistarescatados.com.ar\/web\/wp-json\/wp\/v2\/media?parent=16951"}],"wp:term":[{"taxonomy":"category","embeddable":true,"href":"https:\/\/www.revistarescatados.com.ar\/web\/wp-json\/wp\/v2\/categories?post=16951"},{"taxonomy":"post_tag","embeddable":true,"href":"https:\/\/www.revistarescatados.com.ar\/web\/wp-json\/wp\/v2\/tags?post=16951"}],"curies":[{"name":"wp","href":"https:\/\/api.w.org\/{rel}","templated":true}]}}