{"id":17044,"date":"2022-04-22T01:20:54","date_gmt":"2022-04-22T04:20:54","guid":{"rendered":"https:\/\/www.revistarescatados.com.ar\/web\/?p=17044"},"modified":"2022-04-22T01:21:00","modified_gmt":"2022-04-22T04:21:00","slug":"la-efa-de-duran-ya-tiene-su-mutual-escolar","status":"publish","type":"post","link":"https:\/\/www.revistarescatados.com.ar\/web\/2022\/04\/22\/la-efa-de-duran-ya-tiene-su-mutual-escolar\/","title":{"rendered":"La EFA de Dur\u00e1n ya tiene su mutual escolar"},"content":{"rendered":"\n<p><strong><span class=\"has-inline-color has-vivid-red-color\">El martes 19 de abril, la Escuela de Educaci\u00f3n Secundaria Orientada Particular Incorporada N\u00ba 3124 Escuela de la Familia Agr\u00edcola Padre Pergolesi de Duran  comenz\u00f3 a transitar el camino del mutualismo escolar. En el patio de dicho establecimiento educativo se llev\u00f3 a cabo la Asamblea Constitutiva de la Mutual Escolar Esfuerzo y futuro.<\/span><\/strong><\/p>\n\n\n\n<figure class=\"wp-block-image size-large\"><img loading=\"lazy\" width=\"1024\" height=\"631\" src=\"https:\/\/www.revistarescatados.com.ar\/web\/wp-content\/uploads\/2022\/04\/Vista-parcial-de-los-asociados-1024x631.jpg\" alt=\"\" class=\"wp-image-17046\" srcset=\"https:\/\/www.revistarescatados.com.ar\/web\/wp-content\/uploads\/2022\/04\/Vista-parcial-de-los-asociados-1024x631.jpg 1024w, https:\/\/www.revistarescatados.com.ar\/web\/wp-content\/uploads\/2022\/04\/Vista-parcial-de-los-asociados-300x185.jpg 300w, https:\/\/www.revistarescatados.com.ar\/web\/wp-content\/uploads\/2022\/04\/Vista-parcial-de-los-asociados-768x473.jpg 768w, https:\/\/www.revistarescatados.com.ar\/web\/wp-content\/uploads\/2022\/04\/Vista-parcial-de-los-asociados.jpg 1108w\" sizes=\"(max-width: 1024px) 100vw, 1024px\" \/><\/figure>\n\n\n\n<p><strong>Vista parcial de los asociados presentes<\/strong><\/p>\n\n\n\n<p>La sesi\u00f3n dio comienzo a las 14:00 hs. y cont\u00f3 con la presencia del director reemplazante prof. Cristian Atilio Mosimann, los profesores Gabriel Favio Bieri y Silvana Noem\u00ed Faccioli (asesores de la mutual escolar), H\u00e9ctor Enrique Soneyro (departamento de mutualismo escolar de Mutual Romang F.C.) y numerosos alumnos.&nbsp;&nbsp;&nbsp;&nbsp;<\/p>\n\n\n\n<p>Los asistentes siguieron atentamente la lectura del estatuto presentado y posteriormente dieron su aprobaci\u00f3n tanto a la constituci\u00f3n de la nueva mutual escolar como tambi\u00e9n a la primera comisi\u00f3n, que qued\u00f3 compuesta de la siguiente manera: Presidente: <strong>Dino Augusto Cocca<\/strong>, Secretaria: <strong>Camila Bel\u00e9n Sotelo<\/strong>, Tesorero: <strong>Pablo Ezequiel Wirz<\/strong>, Vocales Titulares: 1\u00ba <strong>Valent\u00edn Fontana<\/strong>, 2\u00ba <strong>Mariel Eliana Ojeda<\/strong>, 3\u00ba <strong>Ulises Xavier Affolter<\/strong>, Vocales Suplentes: 1\u00ba <strong>Estefan\u00eda Nail\u00e9n Gassmann<\/strong>, 2\u00ba <strong>Luana Valentina Faccioli<\/strong>, 3\u00ba <strong>Ignacio Javier Romero<\/strong>. Por otra parte, la Junta Fiscalizadora se integr\u00f3 como sigue: Fiscalizadores Titulares: 1\u00ba <strong>Delfina Bel\u00e9n G\u00f3mez<\/strong>, 2\u00ba <strong>Ignacio Cort\u00e9z Wirz <\/strong>yFiscalizadores Suplentes: 1\u00ba <strong>Melany Gisel Zeballos<\/strong>, 2\u00ba <strong>Trinidad Bel\u00e9n Scherrer<\/strong>. &nbsp;<\/p>\n\n\n\n<figure class=\"wp-block-image size-large\"><img loading=\"lazy\" width=\"1024\" height=\"613\" src=\"https:\/\/www.revistarescatados.com.ar\/web\/wp-content\/uploads\/2022\/04\/Comision-directiva-y-asesores-1024x613.jpg\" alt=\"\" class=\"wp-image-17045\" srcset=\"https:\/\/www.revistarescatados.com.ar\/web\/wp-content\/uploads\/2022\/04\/Comision-directiva-y-asesores-1024x613.jpg 1024w, https:\/\/www.revistarescatados.com.ar\/web\/wp-content\/uploads\/2022\/04\/Comision-directiva-y-asesores-300x179.jpg 300w, https:\/\/www.revistarescatados.com.ar\/web\/wp-content\/uploads\/2022\/04\/Comision-directiva-y-asesores-768x459.jpg 768w, https:\/\/www.revistarescatados.com.ar\/web\/wp-content\/uploads\/2022\/04\/Comision-directiva-y-asesores.jpg 1145w\" sizes=\"(max-width: 1024px) 100vw, 1024px\" \/><\/figure>\n\n\n\n<p><strong>La primera comisi\u00f3n directiva y los asesores.<\/strong><\/p>\n\n\n\n<p><strong>(Parados, de izq. a der.): Ulises Affolter, Ignacio Romero, Ignacio Cort\u00e9z Wirz, Gabriel Bieri, Cristian Mosimann, H\u00e9ctor Soneyro, Dino Cocca, Valent\u00edn Fontana, Pablo Wirz, Silvana Faccioli.<\/strong><\/p>\n\n\n\n<p><strong>(Sentadas, de izq. a der.): Luana Faccioli, Estefan\u00eda Gassmann, Mariel Ojeda, Melany Zeballos, Trinidad Scherrer, Camila Sotelo, Delfina G\u00f3mez.<\/strong><\/p>\n\n\n\n<p>De este modo, la prestigiosa Escuela de la Familia Agr\u00edcola Padre Pergolesi de Duran, departamento San Javier, provincia de santa Fe comienza a incursionar en el mutualismo y su pr\u00f3ximo paso ser\u00e1 la inscripci\u00f3n en el Registro de Cooperativas y Mutuales Escolares del Ministerio de Educaci\u00f3n de la Provincia de Santa Fe. &nbsp;&nbsp;&nbsp;&nbsp;<\/p>\n","protected":false},"excerpt":{"rendered":"<p>El martes 19 de abril, la Escuela de Educaci\u00f3n Secundaria Orientada Particular Incorporada N\u00ba 3124 Escuela de la Familia Agr\u00edcola Padre Pergolesi de Duran comenz\u00f3 a transitar el camino del mutualismo escolar.&#46;&#46;&#46;<\/p>\n","protected":false},"author":1,"featured_media":17045,"comment_status":"closed","ping_status":"closed","sticky":false,"template":"","format":"standard","meta":[],"categories":[5,16,15,10,8],"tags":[],"_links":{"self":[{"href":"https:\/\/www.revistarescatados.com.ar\/web\/wp-json\/wp\/v2\/posts\/17044"}],"collection":[{"href":"https:\/\/www.revistarescatados.com.ar\/web\/wp-json\/wp\/v2\/posts"}],"about":[{"href":"https:\/\/www.revistarescatados.com.ar\/web\/wp-json\/wp\/v2\/types\/post"}],"author":[{"embeddable":true,"href":"https:\/\/www.revistarescatados.com.ar\/web\/wp-json\/wp\/v2\/users\/1"}],"replies":[{"embeddable":true,"href":"https:\/\/www.revistarescatados.com.ar\/web\/wp-json\/wp\/v2\/comments?post=17044"}],"version-history":[{"count":1,"href":"https:\/\/www.revistarescatados.com.ar\/web\/wp-json\/wp\/v2\/posts\/17044\/revisions"}],"predecessor-version":[{"id":17047,"href":"https:\/\/www.revistarescatados.com.ar\/web\/wp-json\/wp\/v2\/posts\/17044\/revisions\/17047"}],"wp:featuredmedia":[{"embeddable":true,"href":"https:\/\/www.revistarescatados.com.ar\/web\/wp-json\/wp\/v2\/media\/17045"}],"wp:attachment":[{"href":"https:\/\/www.revistarescatados.com.ar\/web\/wp-json\/wp\/v2\/media?parent=17044"}],"wp:term":[{"taxonomy":"category","embeddable":true,"href":"https:\/\/www.revistarescatados.com.ar\/web\/wp-json\/wp\/v2\/categories?post=17044"},{"taxonomy":"post_tag","embeddable":true,"href":"https:\/\/www.revistarescatados.com.ar\/web\/wp-json\/wp\/v2\/tags?post=17044"}],"curies":[{"name":"wp","href":"https:\/\/api.w.org\/{rel}","templated":true}]}}