{"id":17052,"date":"2022-04-22T02:22:55","date_gmt":"2022-04-22T05:22:55","guid":{"rendered":"https:\/\/www.revistarescatados.com.ar\/web\/?p=17052"},"modified":"2022-04-22T02:35:47","modified_gmt":"2022-04-22T05:35:47","slug":"las-guardias-en-el-hospital-de-calchaqui-generan-reclamos-sociales","status":"publish","type":"post","link":"https:\/\/www.revistarescatados.com.ar\/web\/2022\/04\/22\/las-guardias-en-el-hospital-de-calchaqui-generan-reclamos-sociales\/","title":{"rendered":"Las guardias en el hospital de Calchaqu\u00ed generan reclamos sociales"},"content":{"rendered":"\n<p><\/p>\n\n\n\n<p><strong><span class=\"has-inline-color has-vivid-red-color\">Las cr\u00edticas hacen hincapi\u00e9 en una creciente deshumanizaci\u00f3n del sistema de salud. Desde hace meses, no se cuenta con el servicio de ecograf\u00eda por falta de profesional. La directora habr\u00eda presentado su renuncia.<\/span><\/strong><\/p>\n\n\n\n<figure class=\"wp-block-image size-full is-resized\"><img loading=\"lazy\" src=\"http:\/\/www.revistarescatados.com.ar\/web\/wp-content\/uploads\/2020\/09\/Guardia-Hospital.jpg\" alt=\"\" class=\"wp-image-10822\" width=\"684\" height=\"513\" srcset=\"https:\/\/www.revistarescatados.com.ar\/web\/wp-content\/uploads\/2020\/09\/Guardia-Hospital.jpg 500w, https:\/\/www.revistarescatados.com.ar\/web\/wp-content\/uploads\/2020\/09\/Guardia-Hospital-300x225.jpg 300w\" sizes=\"(max-width: 684px) 100vw, 684px\" \/><\/figure>\n\n\n\n<p>En los \u00faltimos d\u00edas, las redes sociales fueron el epicentro de los reclamos vecinales ante la atenci\u00f3n que se recibe en la guardia del Hospital Ricardo Aldao. Cabe destacar, que se estar\u00edan cumpliendo guardias pasivas y solo los fines de semana habr\u00eda guardias activas pagadas por el Samco local.<\/p>\n\n\n\n<p>Actualmente el plantel de galenos estar\u00eda conformado por las m\u00e9dicas de cl\u00ednica general Noral\u00ed Fedalci, Victoria Garavaglia, Florencia Balparda y el Dr. Oscar Aguirre; la ped\u00edatra Melisa Baroni y en el CIC cumple sus funciones el Dr. Jorge Ferreyra.<\/p>\n\n\n\n<p>El hospital cuenta con un servicio de enfermer\u00eda, como tambi\u00e9n de odontolog\u00eda, laboratorio a cargo de 3 bioqu\u00edmicos y radiolog\u00eda con 4 t\u00e9cnicos. A esos servicios se suman: fonoaudiolog\u00eda, psicolog\u00eda, psiquiatr\u00eda, nutricionista, kinesiolog\u00eda y obstetricia.<\/p>\n\n\n\n<p>Sin embargo, el hospital no cuenta con un cargo para el servicio de Ecograf\u00eda. Est\u00e1 el equipamiento necesario, pero no el recurso humano. Adem\u00e1s dos cargos de ecografista y cardiolog\u00eda habr\u00edan sido trasladados al hospital regional de Vera.<\/p>\n\n\n\n<p>Ante la reciente visita a la cabecera departamental de la Ministra de Salud -Dra. Sonia Martorano &#8211; personal del hospital habr\u00eda viajado para entrevistarse con ella; pero por la agenda cerrada de la funcionaria no habr\u00edan sido atendidos. Tambi\u00e9n se habr\u00eda concertado una reuni\u00f3n con el ejecutivo municipal, para que arbitre las gestiones necesarias ante el gobierno provincial.<\/p>\n\n\n\n<p>Este medio consult\u00f3 a la directora del efector \u2013 Dra. Valeria Peralta \u2013 para confirmar su renuncia al cargo y solo se limit\u00f3 a se\u00f1alar que \u201cse est\u00e1 intentado reorganizar la situaci\u00f3n de salud en Calchaqu\u00ed, muy dif\u00edcil. Apenas tenga novedades, comunicar\u00e9\u201d, aunque corrobor\u00f3 que continuar\u00e1 en funciones por 30 d\u00edas m\u00e1s.<\/p>\n","protected":false},"excerpt":{"rendered":"<p>Las cr\u00edticas hacen hincapi\u00e9 en una creciente deshumanizaci\u00f3n del sistema de salud. Desde hace meses, no se cuenta con el servicio de ecograf\u00eda por falta de profesional. La directora habr\u00eda presentado su&#46;&#46;&#46;<\/p>\n","protected":false},"author":1,"featured_media":13119,"comment_status":"closed","ping_status":"closed","sticky":false,"template":"","format":"standard","meta":[],"categories":[2,3,16,9],"tags":[],"_links":{"self":[{"href":"https:\/\/www.revistarescatados.com.ar\/web\/wp-json\/wp\/v2\/posts\/17052"}],"collection":[{"href":"https:\/\/www.revistarescatados.com.ar\/web\/wp-json\/wp\/v2\/posts"}],"about":[{"href":"https:\/\/www.revistarescatados.com.ar\/web\/wp-json\/wp\/v2\/types\/post"}],"author":[{"embeddable":true,"href":"https:\/\/www.revistarescatados.com.ar\/web\/wp-json\/wp\/v2\/users\/1"}],"replies":[{"embeddable":true,"href":"https:\/\/www.revistarescatados.com.ar\/web\/wp-json\/wp\/v2\/comments?post=17052"}],"version-history":[{"count":2,"href":"https:\/\/www.revistarescatados.com.ar\/web\/wp-json\/wp\/v2\/posts\/17052\/revisions"}],"predecessor-version":[{"id":17055,"href":"https:\/\/www.revistarescatados.com.ar\/web\/wp-json\/wp\/v2\/posts\/17052\/revisions\/17055"}],"wp:featuredmedia":[{"embeddable":true,"href":"https:\/\/www.revistarescatados.com.ar\/web\/wp-json\/wp\/v2\/media\/13119"}],"wp:attachment":[{"href":"https:\/\/www.revistarescatados.com.ar\/web\/wp-json\/wp\/v2\/media?parent=17052"}],"wp:term":[{"taxonomy":"category","embeddable":true,"href":"https:\/\/www.revistarescatados.com.ar\/web\/wp-json\/wp\/v2\/categories?post=17052"},{"taxonomy":"post_tag","embeddable":true,"href":"https:\/\/www.revistarescatados.com.ar\/web\/wp-json\/wp\/v2\/tags?post=17052"}],"curies":[{"name":"wp","href":"https:\/\/api.w.org\/{rel}","templated":true}]}}