{"id":17111,"date":"2022-04-27T15:53:40","date_gmt":"2022-04-27T18:53:40","guid":{"rendered":"https:\/\/www.revistarescatados.com.ar\/web\/?p=17111"},"modified":"2022-04-27T15:53:46","modified_gmt":"2022-04-27T18:53:46","slug":"los-pumas-decomisaron-dos-carpinchos-a-un-cazador-de-calchaqui","status":"publish","type":"post","link":"https:\/\/www.revistarescatados.com.ar\/web\/2022\/04\/27\/los-pumas-decomisaron-dos-carpinchos-a-un-cazador-de-calchaqui\/","title":{"rendered":"Los Pumas decomisaron dos carpinchos a un cazador de Calchaqu\u00ed"},"content":{"rendered":"\n<p><strong><span class=\"has-inline-color has-vivid-red-color\">Se labr\u00f3 un acta de infracci\u00f3n a la ley provincial del caza, entre otras por cazar sin la autorizaci\u00f3n del due\u00f1o del campo. Los animales silvestres &#8211; que ya estaban  eviscerados &#8211; terminaron siendo desnaturalizados.<\/span><\/strong><\/p>\n\n\n\n<figure class=\"wp-block-image size-full\"><img loading=\"lazy\" width=\"645\" height=\"360\" src=\"http:\/\/www.revistarescatados.com.ar\/web\/wp-content\/uploads\/2018\/10\/carpincho-faenado.jpg\" alt=\"\" class=\"wp-image-2384\" srcset=\"https:\/\/www.revistarescatados.com.ar\/web\/wp-content\/uploads\/2018\/10\/carpincho-faenado.jpg 645w, https:\/\/www.revistarescatados.com.ar\/web\/wp-content\/uploads\/2018\/10\/carpincho-faenado-300x167.jpg 300w\" sizes=\"(max-width: 645px) 100vw, 645px\" \/><\/figure>\n\n\n\n<p>Mientras realizaban patrullaje preventivo por zona rural, personal de la Secci\u00f3n VII procedieron a identificar a un ciudadano mayor de edad; a quien labraron acta por \u201cInfracci\u00f3n a la Ley Pcial. N\u00b0 4830 y complementarias \u201c(ley de caza).<\/p>\n\n\n\n<p>La infracci\u00f3n fue por cazar sin licencia, sin autorizaci\u00f3n del due\u00f1o del campo, en zona no habilitada, cazar especies prohibidas.<\/p>\n\n\n\n<p>Los polic\u00edas decomisaron dos carpinchos eviscerados, que luego fueron desnaturalizados. <\/p>\n\n\n\n<p>Interviene: Ministerio de Medio Ambiente y Cambio Clim\u00e1tico, Direcci\u00f3n general de Manejo Sustentable de Fauna de la ciudad de Santa Fe.<\/p>\n","protected":false},"excerpt":{"rendered":"<p>Se labr\u00f3 un acta de infracci\u00f3n a la ley provincial del caza, entre otras por cazar sin la autorizaci\u00f3n del due\u00f1o del campo. Los animales silvestres &#8211; que ya estaban eviscerados &#8211;&#46;&#46;&#46;<\/p>\n","protected":false},"author":1,"featured_media":2384,"comment_status":"closed","ping_status":"closed","sticky":false,"template":"","format":"standard","meta":[],"categories":[2,3,16,11],"tags":[],"_links":{"self":[{"href":"https:\/\/www.revistarescatados.com.ar\/web\/wp-json\/wp\/v2\/posts\/17111"}],"collection":[{"href":"https:\/\/www.revistarescatados.com.ar\/web\/wp-json\/wp\/v2\/posts"}],"about":[{"href":"https:\/\/www.revistarescatados.com.ar\/web\/wp-json\/wp\/v2\/types\/post"}],"author":[{"embeddable":true,"href":"https:\/\/www.revistarescatados.com.ar\/web\/wp-json\/wp\/v2\/users\/1"}],"replies":[{"embeddable":true,"href":"https:\/\/www.revistarescatados.com.ar\/web\/wp-json\/wp\/v2\/comments?post=17111"}],"version-history":[{"count":1,"href":"https:\/\/www.revistarescatados.com.ar\/web\/wp-json\/wp\/v2\/posts\/17111\/revisions"}],"predecessor-version":[{"id":17112,"href":"https:\/\/www.revistarescatados.com.ar\/web\/wp-json\/wp\/v2\/posts\/17111\/revisions\/17112"}],"wp:featuredmedia":[{"embeddable":true,"href":"https:\/\/www.revistarescatados.com.ar\/web\/wp-json\/wp\/v2\/media\/2384"}],"wp:attachment":[{"href":"https:\/\/www.revistarescatados.com.ar\/web\/wp-json\/wp\/v2\/media?parent=17111"}],"wp:term":[{"taxonomy":"category","embeddable":true,"href":"https:\/\/www.revistarescatados.com.ar\/web\/wp-json\/wp\/v2\/categories?post=17111"},{"taxonomy":"post_tag","embeddable":true,"href":"https:\/\/www.revistarescatados.com.ar\/web\/wp-json\/wp\/v2\/tags?post=17111"}],"curies":[{"name":"wp","href":"https:\/\/api.w.org\/{rel}","templated":true}]}}