{"id":17122,"date":"2022-04-28T21:25:10","date_gmt":"2022-04-29T00:25:10","guid":{"rendered":"https:\/\/www.revistarescatados.com.ar\/web\/?p=17122"},"modified":"2022-04-28T21:25:18","modified_gmt":"2022-04-29T00:25:18","slug":"cuello-presento-proyectos-para-pavimentar-6-cuadras-y-nombrar-eugenio-bonomi-a-la-nueva-terminal-de-colectivos-de-calchaqui-video","status":"publish","type":"post","link":"https:\/\/www.revistarescatados.com.ar\/web\/2022\/04\/28\/cuello-presento-proyectos-para-pavimentar-6-cuadras-y-nombrar-eugenio-bonomi-a-la-nueva-terminal-de-colectivos-de-calchaqui-video\/","title":{"rendered":"Cuello present\u00f3 proyectos para pavimentar 6 cuadras y nombrar \u201cEugenio Bonomi\u201d a la nueva terminal de colectivos de Calchaqu\u00ed (video)"},"content":{"rendered":"\n<p><\/p>\n\n\n\n<p><strong><span class=\"has-inline-color has-vivid-red-color\">Se pavimentar\u00e1 la calle Ituzaing\u00f3, con una inversi\u00f3n de 23 millones de pesos, con fondos del Plan Incluir. Adem\u00e1s se elev\u00f3 un proyecto para nombrar como \u201cEugenio Bonomi\u201d a la nueva estaci\u00f3n terminal de \u00f3mnibus de la ciudad.<\/span><\/strong><\/p>\n\n\n\n<figure class=\"wp-block-image size-large\"><img loading=\"lazy\" width=\"1024\" height=\"517\" src=\"https:\/\/www.revistarescatados.com.ar\/web\/wp-content\/uploads\/2022\/04\/Cuello-y-concejales-1024x517.jpg\" alt=\"\" class=\"wp-image-17123\" srcset=\"https:\/\/www.revistarescatados.com.ar\/web\/wp-content\/uploads\/2022\/04\/Cuello-y-concejales-1024x517.jpg 1024w, https:\/\/www.revistarescatados.com.ar\/web\/wp-content\/uploads\/2022\/04\/Cuello-y-concejales-300x152.jpg 300w, https:\/\/www.revistarescatados.com.ar\/web\/wp-content\/uploads\/2022\/04\/Cuello-y-concejales-768x388.jpg 768w, https:\/\/www.revistarescatados.com.ar\/web\/wp-content\/uploads\/2022\/04\/Cuello-y-concejales.jpg 1382w\" sizes=\"(max-width: 1024px) 100vw, 1024px\" \/><\/figure>\n\n\n\n<p>Este mi\u00e9rcoles 28 de abril, se llev\u00f3 a cabo una conferencia de prensa presidida por el intendente junto al secretario institucional Adri\u00e1n Spreggero, la presidente del Concejo Graciela Hetze y los concejales Milca Garavaglia y Mart\u00edn Perell\u00f3.<\/p>\n\n\n\n<p>La presidente del HCM Dra. Graciela Hetze recibi\u00f3 un proyecto para la construcci\u00f3n de 6 cuadras de asfalto sobre la calle Ituzaing\u00f3, entre Bvard. Belgrano y Col\u00f3n, que beneficiar\u00eda a los barrios Moreno y San Jos\u00e9. La obra est\u00e1 contemplada dentro del Plan Incluir 2022 y significar\u00e1 una inversi\u00f3n de 23 millones de pesos.<\/p>\n\n\n\n<figure class=\"wp-block-image size-large\"><img loading=\"lazy\" width=\"1024\" height=\"740\" src=\"https:\/\/www.revistarescatados.com.ar\/web\/wp-content\/uploads\/2022\/04\/Cuello-y-etze-1024x740.jpg\" alt=\"\" class=\"wp-image-17124\" srcset=\"https:\/\/www.revistarescatados.com.ar\/web\/wp-content\/uploads\/2022\/04\/Cuello-y-etze-1024x740.jpg 1024w, https:\/\/www.revistarescatados.com.ar\/web\/wp-content\/uploads\/2022\/04\/Cuello-y-etze-300x217.jpg 300w, https:\/\/www.revistarescatados.com.ar\/web\/wp-content\/uploads\/2022\/04\/Cuello-y-etze-768x555.jpg 768w, https:\/\/www.revistarescatados.com.ar\/web\/wp-content\/uploads\/2022\/04\/Cuello-y-etze.jpg 1038w\" sizes=\"(max-width: 1024px) 100vw, 1024px\" \/><\/figure>\n\n\n\n<p>Por otra parte, el intendente Rub\u00e9n Cuello elev\u00f3 un proyecto para nombrar como \u201cEugenio Bonomi\u201d a la nueva estaci\u00f3n terminal de \u00f3mnibus de Calchaqu\u00ed, que se estar\u00eda inaugurando a mediados de mayo. El intendente record\u00f3 que la terminal ser\u00e1 un punto intermedio, de casi 680 kil\u00f3metros, entre Asunci\u00f3n y Buenos Aires; haciendo memoria del punto de encuentro que significaba la estaci\u00f3n de servicios de Bonomi para los colectivos de larga distancia hace unos a\u00f1os.<\/p>\n\n\n\n<iframe loading=\"lazy\" src=\"https:\/\/www.facebook.com\/plugins\/video.php?height=314&#038;href=https%3A%2F%2Fwww.facebook.com%2Frescatados.calchaqui.5%2Fvideos%2F4773248439451810%2F&#038;show_text=false&#038;width=560&#038;t=0\" width=\"560\" height=\"314\" style=\"border:none;overflow:hidden\" scrolling=\"no\" frameborder=\"0\" allowfullscreen=\"true\" allow=\"autoplay; clipboard-write; encrypted-media; picture-in-picture; web-share\" allowFullScreen=\"true\"><\/iframe>\n\n\n\n<p>Adem\u00e1s inform\u00f3 que en los pr\u00f3ximos d\u00edas se estar\u00e1 licitando la concesi\u00f3n del kiosco y bar de la flamante estaci\u00f3n de colectivos. <\/p>\n\n\n\n<p>Cuello se refiri\u00f3 a obras complementarias de iluminaci\u00f3n y accesos a la estaci\u00f3n de colectivos. Por obra delegada se van a entubar las intersecciones de las calles Urquiza (Bajada) y Tucum\u00e1n (Egreso) para el ingreso y salida del transporte de pasajeros. Se pavimentar\u00e1 un cuadra de Juan de Garay, entre Urquiza y Mitre. Adem\u00e1s est\u00e1 solicitada la autorizaci\u00f3n a Vialidad Nacional de un sem\u00e1foro sobre la calle Mitre.<\/p>\n\n\n\n<p>Como tambi\u00e9n brindo apreciaciones sobre la situaci\u00f3n del sistema de salud en la ciudad<\/p>\n","protected":false},"excerpt":{"rendered":"<p>Se pavimentar\u00e1 la calle Ituzaing\u00f3, con una inversi\u00f3n de 23 millones de pesos, con fondos del Plan Incluir. Adem\u00e1s se elev\u00f3 un proyecto para nombrar como \u201cEugenio Bonomi\u201d a la nueva estaci\u00f3n&#46;&#46;&#46;<\/p>\n","protected":false},"author":1,"featured_media":17123,"comment_status":"closed","ping_status":"closed","sticky":false,"template":"","format":"standard","meta":[],"categories":[2,3,16,10,8],"tags":[],"_links":{"self":[{"href":"https:\/\/www.revistarescatados.com.ar\/web\/wp-json\/wp\/v2\/posts\/17122"}],"collection":[{"href":"https:\/\/www.revistarescatados.com.ar\/web\/wp-json\/wp\/v2\/posts"}],"about":[{"href":"https:\/\/www.revistarescatados.com.ar\/web\/wp-json\/wp\/v2\/types\/post"}],"author":[{"embeddable":true,"href":"https:\/\/www.revistarescatados.com.ar\/web\/wp-json\/wp\/v2\/users\/1"}],"replies":[{"embeddable":true,"href":"https:\/\/www.revistarescatados.com.ar\/web\/wp-json\/wp\/v2\/comments?post=17122"}],"version-history":[{"count":1,"href":"https:\/\/www.revistarescatados.com.ar\/web\/wp-json\/wp\/v2\/posts\/17122\/revisions"}],"predecessor-version":[{"id":17125,"href":"https:\/\/www.revistarescatados.com.ar\/web\/wp-json\/wp\/v2\/posts\/17122\/revisions\/17125"}],"wp:featuredmedia":[{"embeddable":true,"href":"https:\/\/www.revistarescatados.com.ar\/web\/wp-json\/wp\/v2\/media\/17123"}],"wp:attachment":[{"href":"https:\/\/www.revistarescatados.com.ar\/web\/wp-json\/wp\/v2\/media?parent=17122"}],"wp:term":[{"taxonomy":"category","embeddable":true,"href":"https:\/\/www.revistarescatados.com.ar\/web\/wp-json\/wp\/v2\/categories?post=17122"},{"taxonomy":"post_tag","embeddable":true,"href":"https:\/\/www.revistarescatados.com.ar\/web\/wp-json\/wp\/v2\/tags?post=17122"}],"curies":[{"name":"wp","href":"https:\/\/api.w.org\/{rel}","templated":true}]}}