{"id":17163,"date":"2022-05-02T10:42:16","date_gmt":"2022-05-02T13:42:16","guid":{"rendered":"https:\/\/www.revistarescatados.com.ar\/web\/?p=17163"},"modified":"2022-05-02T10:42:22","modified_gmt":"2022-05-02T13:42:22","slug":"cuello-participo-de-la-apertura-de-sesiones-de-la-legislatura-provincial","status":"publish","type":"post","link":"https:\/\/www.revistarescatados.com.ar\/web\/2022\/05\/02\/cuello-participo-de-la-apertura-de-sesiones-de-la-legislatura-provincial\/","title":{"rendered":"Cuello particip\u00f3 de la apertura de sesiones de la legislatura provincial"},"content":{"rendered":"\n<p><strong><span class=\"has-inline-color has-vivid-red-color\">El intendente de Calchaqu\u00ed, Rub\u00e9n Cuello, acompa\u00f1\u00f3 al gobernador Omar Perotti a la inauguraci\u00f3n de las Sesiones Ordinarias. Adem\u00e1s participaron presidentes comunales del departamento San Justo.<\/span><\/strong><\/p>\n\n\n\n<figure class=\"wp-block-image size-large\"><img loading=\"lazy\" width=\"1024\" height=\"768\" src=\"https:\/\/www.revistarescatados.com.ar\/web\/wp-content\/uploads\/2022\/05\/Cuello-Lemaire-1024x768.jpg\" alt=\"\" class=\"wp-image-17164\" srcset=\"https:\/\/www.revistarescatados.com.ar\/web\/wp-content\/uploads\/2022\/05\/Cuello-Lemaire-1024x768.jpg 1024w, https:\/\/www.revistarescatados.com.ar\/web\/wp-content\/uploads\/2022\/05\/Cuello-Lemaire-300x225.jpg 300w, https:\/\/www.revistarescatados.com.ar\/web\/wp-content\/uploads\/2022\/05\/Cuello-Lemaire-768x576.jpg 768w, https:\/\/www.revistarescatados.com.ar\/web\/wp-content\/uploads\/2022\/05\/Cuello-Lemaire-1536x1152.jpg 1536w, https:\/\/www.revistarescatados.com.ar\/web\/wp-content\/uploads\/2022\/05\/Cuello-Lemaire.jpg 1600w\" sizes=\"(max-width: 1024px) 100vw, 1024px\" \/><\/figure>\n\n\n\n<p><br>El gobernador Omar Perotti dej\u00f3 inaugurado este 1\u00ba de mayo el 140\u00ba per\u00edodo de Sesiones Ordinarias de la Legislatura Provincial, donde pronunci\u00f3 el habitual mensaje de apertura en el recinto de la C\u00e1mara de Diputados.<\/p>\n\n\n\n<p>Por otro lado, Luciano Lemaire, presidente comunal de Gobernador Crespo, junto a presidentes comunales del departamento San Justo, estuvieron acompa\u00f1ando en la ciudad de Santa Fe al gobernador en la apertura de sesiones ordinarias de la Legislatura.<\/p>\n\n\n\n<p><\/p>\n","protected":false},"excerpt":{"rendered":"<p>El intendente de Calchaqu\u00ed, Rub\u00e9n Cuello, acompa\u00f1\u00f3 al gobernador Omar Perotti a la inauguraci\u00f3n de las Sesiones Ordinarias. Adem\u00e1s participaron presidentes comunales del departamento San Justo. El gobernador Omar Perotti dej\u00f3 inaugurado&#46;&#46;&#46;<\/p>\n","protected":false},"author":1,"featured_media":17164,"comment_status":"closed","ping_status":"closed","sticky":false,"template":"","format":"standard","meta":[],"categories":[2,4,3,16,13],"tags":[],"_links":{"self":[{"href":"https:\/\/www.revistarescatados.com.ar\/web\/wp-json\/wp\/v2\/posts\/17163"}],"collection":[{"href":"https:\/\/www.revistarescatados.com.ar\/web\/wp-json\/wp\/v2\/posts"}],"about":[{"href":"https:\/\/www.revistarescatados.com.ar\/web\/wp-json\/wp\/v2\/types\/post"}],"author":[{"embeddable":true,"href":"https:\/\/www.revistarescatados.com.ar\/web\/wp-json\/wp\/v2\/users\/1"}],"replies":[{"embeddable":true,"href":"https:\/\/www.revistarescatados.com.ar\/web\/wp-json\/wp\/v2\/comments?post=17163"}],"version-history":[{"count":1,"href":"https:\/\/www.revistarescatados.com.ar\/web\/wp-json\/wp\/v2\/posts\/17163\/revisions"}],"predecessor-version":[{"id":17165,"href":"https:\/\/www.revistarescatados.com.ar\/web\/wp-json\/wp\/v2\/posts\/17163\/revisions\/17165"}],"wp:featuredmedia":[{"embeddable":true,"href":"https:\/\/www.revistarescatados.com.ar\/web\/wp-json\/wp\/v2\/media\/17164"}],"wp:attachment":[{"href":"https:\/\/www.revistarescatados.com.ar\/web\/wp-json\/wp\/v2\/media?parent=17163"}],"wp:term":[{"taxonomy":"category","embeddable":true,"href":"https:\/\/www.revistarescatados.com.ar\/web\/wp-json\/wp\/v2\/categories?post=17163"},{"taxonomy":"post_tag","embeddable":true,"href":"https:\/\/www.revistarescatados.com.ar\/web\/wp-json\/wp\/v2\/tags?post=17163"}],"curies":[{"name":"wp","href":"https:\/\/api.w.org\/{rel}","templated":true}]}}