{"id":17244,"date":"2022-05-07T01:50:14","date_gmt":"2022-05-07T04:50:14","guid":{"rendered":"https:\/\/www.revistarescatados.com.ar\/web\/?p=17244"},"modified":"2022-05-07T01:50:28","modified_gmt":"2022-05-07T04:50:28","slug":"habilitan-la-caza-de-patos-hasta-el-31-de-julio","status":"publish","type":"post","link":"https:\/\/www.revistarescatados.com.ar\/web\/2022\/05\/07\/habilitan-la-caza-de-patos-hasta-el-31-de-julio\/","title":{"rendered":"Habilitan la caza de patos hasta el 31 de julio"},"content":{"rendered":"\n<p><\/p>\n\n\n\n<p><strong><span class=\"has-inline-color has-vivid-red-color\">El Ministerio de Ambiente y Cambio Clim\u00e1tico de Santa Fe habilit\u00f3 la caza de patos Crest\u00f3n, Sirir\u00ed y Sirir\u00ed Pampa.<\/span><\/strong><\/p>\n\n\n\n<figure class=\"wp-block-image size-large\"><img loading=\"lazy\" width=\"1024\" height=\"576\" src=\"https:\/\/www.revistarescatados.com.ar\/web\/wp-content\/uploads\/2022\/05\/caza-de-patos-1024x576.jpg\" alt=\"\" class=\"wp-image-17245\" srcset=\"https:\/\/www.revistarescatados.com.ar\/web\/wp-content\/uploads\/2022\/05\/caza-de-patos-1024x576.jpg 1024w, https:\/\/www.revistarescatados.com.ar\/web\/wp-content\/uploads\/2022\/05\/caza-de-patos-300x169.jpg 300w, https:\/\/www.revistarescatados.com.ar\/web\/wp-content\/uploads\/2022\/05\/caza-de-patos-768x432.jpg 768w, https:\/\/www.revistarescatados.com.ar\/web\/wp-content\/uploads\/2022\/05\/caza-de-patos.jpg 1280w\" sizes=\"(max-width: 1024px) 100vw, 1024px\" \/><\/figure>\n\n\n\n<p>Desde el 1\u00b0 de mayo y hasta el 31 de julio se habilit\u00f3 la caza de patos crest\u00f3n, sirir\u00ed com\u00fan y sirir\u00ed pampa en los departamentos de 9 de Julio, Vera, General Obligado, San Crist\u00f3bal, San Justo, San Javier y Garay.<\/p>\n\n\n\n<p>Se podr\u00e1n cazar hasta un m\u00e1ximo de 6 piezas por clase y hasta un m\u00e1ximo de 12 en conjunto por excursi\u00f3n de caza, cualquiera sea la duraci\u00f3n de la misma.<\/p>\n\n\n\n<p>Recordemos que la caza deportiva menor se habilit\u00f3 entre el 29 de abril y el 8 de agosto para la cotorra, el moraju o negrucho el varillero o congo y la liebre. Para la perdiz chica com\u00fan, la temporada comienza el 14 de mayo y finaliza el 31 de julio. <\/p>\n\n\n\n<p>La temporada de caza de palomas torcazas se extender\u00e1 desde el 15 de marzo al 31 de diciembre de 2022. Recuerde llevar siempre consigo la documentaci\u00f3n respaldatoria de las armas y su clu vigente.<\/p>\n\n\n\n<p>\u201cEsta resoluci\u00f3n es muy importante para nuestra zona porque pone en movimiento una parte importante del turismo nacional e internacional que llegan a nuestros complejos y caba\u00f1as para desarrollar esta actividad la cual da trabajo a muchas familias\u201d expres\u00f3 el senador por el departamento San Javier, Jos\u00e9 Baucero.<\/p>\n","protected":false},"excerpt":{"rendered":"<p>El Ministerio de Ambiente y Cambio Clim\u00e1tico de Santa Fe habilit\u00f3 la caza de patos Crest\u00f3n, Sirir\u00ed y Sirir\u00ed Pampa. Desde el 1\u00b0 de mayo y hasta el 31 de julio se&#46;&#46;&#46;<\/p>\n","protected":false},"author":1,"featured_media":17245,"comment_status":"closed","ping_status":"closed","sticky":false,"template":"","format":"standard","meta":[],"categories":[6,5,4,3,16,8],"tags":[],"_links":{"self":[{"href":"https:\/\/www.revistarescatados.com.ar\/web\/wp-json\/wp\/v2\/posts\/17244"}],"collection":[{"href":"https:\/\/www.revistarescatados.com.ar\/web\/wp-json\/wp\/v2\/posts"}],"about":[{"href":"https:\/\/www.revistarescatados.com.ar\/web\/wp-json\/wp\/v2\/types\/post"}],"author":[{"embeddable":true,"href":"https:\/\/www.revistarescatados.com.ar\/web\/wp-json\/wp\/v2\/users\/1"}],"replies":[{"embeddable":true,"href":"https:\/\/www.revistarescatados.com.ar\/web\/wp-json\/wp\/v2\/comments?post=17244"}],"version-history":[{"count":1,"href":"https:\/\/www.revistarescatados.com.ar\/web\/wp-json\/wp\/v2\/posts\/17244\/revisions"}],"predecessor-version":[{"id":17246,"href":"https:\/\/www.revistarescatados.com.ar\/web\/wp-json\/wp\/v2\/posts\/17244\/revisions\/17246"}],"wp:featuredmedia":[{"embeddable":true,"href":"https:\/\/www.revistarescatados.com.ar\/web\/wp-json\/wp\/v2\/media\/17245"}],"wp:attachment":[{"href":"https:\/\/www.revistarescatados.com.ar\/web\/wp-json\/wp\/v2\/media?parent=17244"}],"wp:term":[{"taxonomy":"category","embeddable":true,"href":"https:\/\/www.revistarescatados.com.ar\/web\/wp-json\/wp\/v2\/categories?post=17244"},{"taxonomy":"post_tag","embeddable":true,"href":"https:\/\/www.revistarescatados.com.ar\/web\/wp-json\/wp\/v2\/tags?post=17244"}],"curies":[{"name":"wp","href":"https:\/\/api.w.org\/{rel}","templated":true}]}}