{"id":17248,"date":"2022-05-09T16:58:00","date_gmt":"2022-05-09T19:58:00","guid":{"rendered":"https:\/\/www.revistarescatados.com.ar\/web\/?p=17248"},"modified":"2022-05-09T16:58:05","modified_gmt":"2022-05-09T19:58:05","slug":"56-emprendedores-de-calchaqui-se-capacitaron-en-gestion-de-costos-para-emprendedores-y-marketing-y-comercializacion","status":"publish","type":"post","link":"https:\/\/www.revistarescatados.com.ar\/web\/2022\/05\/09\/56-emprendedores-de-calchaqui-se-capacitaron-en-gestion-de-costos-para-emprendedores-y-marketing-y-comercializacion\/","title":{"rendered":"56 emprendedores de Calchaqu\u00ed se capacitaron en \u201cGesti\u00f3n de costos para emprendedores\u201d y \u201cMarketing y comercializaci\u00f3n\u201d"},"content":{"rendered":"\n<p><strong><span class=\"has-inline-color has-vivid-red-color\">En el marco del Programa Emprender, se llev\u00f3 a cabo este jueves, en la ciudad de Calchaqu\u00ed, un ciclo de capacitaciones a 56 emprendedores locales, con el objetivo de brindar instrumentos para mejorar los procesos de producci\u00f3n y comercializaci\u00f3n de sus emprendimientos.<\/span><\/strong><\/p>\n\n\n\n<figure class=\"wp-block-image size-large\"><img loading=\"lazy\" width=\"1024\" height=\"528\" src=\"https:\/\/www.revistarescatados.com.ar\/web\/wp-content\/uploads\/2022\/05\/emprendedores-1024x528.jpeg\" alt=\"\" class=\"wp-image-17249\" srcset=\"https:\/\/www.revistarescatados.com.ar\/web\/wp-content\/uploads\/2022\/05\/emprendedores-1024x528.jpeg 1024w, https:\/\/www.revistarescatados.com.ar\/web\/wp-content\/uploads\/2022\/05\/emprendedores-300x155.jpeg 300w, https:\/\/www.revistarescatados.com.ar\/web\/wp-content\/uploads\/2022\/05\/emprendedores-768x396.jpeg 768w, https:\/\/www.revistarescatados.com.ar\/web\/wp-content\/uploads\/2022\/05\/emprendedores-1536x792.jpeg 1536w, https:\/\/www.revistarescatados.com.ar\/web\/wp-content\/uploads\/2022\/05\/emprendedores-2048x1056.jpeg 2048w\" sizes=\"(max-width: 1024px) 100vw, 1024px\" \/><\/figure>\n\n\n\n<p><br>De la actividad particip\u00f3 el secretario de Desarrollo Territorial y Arraigo, Fabricio Medina, quien al cierre hizo entrega de los certificados correspondientes, junto al Intendente Rub\u00e9n Cuello; y la responsable del \u00c1rea de Producci\u00f3n de Calchaqu\u00ed, Joana Mussin.<\/p>\n\n\n\n<p>Luego de finalizada la capacitaci\u00f3n, que cont\u00f3 con un m\u00f3dulo sobre \u201cGesti\u00f3n de costos para emprendedores\u201d y otro de \u201cMarketing y comercializaci\u00f3n\u201d, Medina indic\u00f3: \u201cContinuamos trabajando sobre capacitaciones que tienen que ver con el manejo de herramientas digitales, ya que es necesario a la hora de definir un emprendimiento tener en cuenta las herramientas y los canales de venta. Por esto el Ministerio ha confeccionado una capacitaci\u00f3n acorde a las demandas actuales para capacitar a los emprendedores y que puedan ser competitivos con sus emprendimientos\u201d.<\/p>\n\n\n\n<p>Posteriormente, el secretario visit\u00f3 emprendimientos que ya fueron beneficiados por el programa; dentro de ellos una lonera y una metal\u00fargica que a trav\u00e9s de los cr\u00e9ditos otorgados adquirieron distintas herramientas y material de trabajo para poder continuar con sus emprendimientos.<\/p>\n\n\n\n<p><strong><span class=\"has-inline-color has-vivid-red-color\">PROGRAMA EMPRENDER<\/span><\/strong><\/p>\n\n\n\n<p>Con el foco puesto en lo productivo, el principal objetivo de este programa es generar redes de contenci\u00f3n para emprendedores, contribuyendo al fortalecimiento de las capacidades locales para el trabajo de promoci\u00f3n y acompa\u00f1amiento a los emprendedores.<\/p>\n\n\n\n<p>Las acciones propuestas est\u00e1n centradas en brindar capacitaci\u00f3n, asistencia t\u00e9cnica y financiamiento a proyectos de emprendimientos productivos (Ley 12.375\/04 &#8211; Programa de promoci\u00f3n y asistencia emprendimientos productivos sociales), trabajando de manera articulada a nivel local y regional, coordinando iniciativas presentes y poniendo en funcionamiento una red de servicios a los emprendedores con alto grado de coherencia y eficacia.<\/p>\n","protected":false},"excerpt":{"rendered":"<p>En el marco del Programa Emprender, se llev\u00f3 a cabo este jueves, en la ciudad de Calchaqu\u00ed, un ciclo de capacitaciones a 56 emprendedores locales, con el objetivo de brindar instrumentos para&#46;&#46;&#46;<\/p>\n","protected":false},"author":1,"featured_media":17249,"comment_status":"closed","ping_status":"closed","sticky":false,"template":"","format":"standard","meta":[],"categories":[2,3,16,8],"tags":[],"_links":{"self":[{"href":"https:\/\/www.revistarescatados.com.ar\/web\/wp-json\/wp\/v2\/posts\/17248"}],"collection":[{"href":"https:\/\/www.revistarescatados.com.ar\/web\/wp-json\/wp\/v2\/posts"}],"about":[{"href":"https:\/\/www.revistarescatados.com.ar\/web\/wp-json\/wp\/v2\/types\/post"}],"author":[{"embeddable":true,"href":"https:\/\/www.revistarescatados.com.ar\/web\/wp-json\/wp\/v2\/users\/1"}],"replies":[{"embeddable":true,"href":"https:\/\/www.revistarescatados.com.ar\/web\/wp-json\/wp\/v2\/comments?post=17248"}],"version-history":[{"count":1,"href":"https:\/\/www.revistarescatados.com.ar\/web\/wp-json\/wp\/v2\/posts\/17248\/revisions"}],"predecessor-version":[{"id":17250,"href":"https:\/\/www.revistarescatados.com.ar\/web\/wp-json\/wp\/v2\/posts\/17248\/revisions\/17250"}],"wp:featuredmedia":[{"embeddable":true,"href":"https:\/\/www.revistarescatados.com.ar\/web\/wp-json\/wp\/v2\/media\/17249"}],"wp:attachment":[{"href":"https:\/\/www.revistarescatados.com.ar\/web\/wp-json\/wp\/v2\/media?parent=17248"}],"wp:term":[{"taxonomy":"category","embeddable":true,"href":"https:\/\/www.revistarescatados.com.ar\/web\/wp-json\/wp\/v2\/categories?post=17248"},{"taxonomy":"post_tag","embeddable":true,"href":"https:\/\/www.revistarescatados.com.ar\/web\/wp-json\/wp\/v2\/tags?post=17248"}],"curies":[{"name":"wp","href":"https:\/\/api.w.org\/{rel}","templated":true}]}}