{"id":17252,"date":"2022-05-09T20:55:55","date_gmt":"2022-05-09T23:55:55","guid":{"rendered":"https:\/\/www.revistarescatados.com.ar\/web\/?p=17252"},"modified":"2022-05-09T20:56:01","modified_gmt":"2022-05-09T23:56:01","slug":"encuentro-nacional-de-la-ucr-en-santa-fe","status":"publish","type":"post","link":"https:\/\/www.revistarescatados.com.ar\/web\/2022\/05\/09\/encuentro-nacional-de-la-ucr-en-santa-fe\/","title":{"rendered":"Encuentro nacional de la UCR en Santa Fe"},"content":{"rendered":"\n<p><\/p>\n\n\n\n<p><\/p>\n\n\n\n<p><strong><span class=\"has-inline-color has-vivid-red-color\">Evoluci\u00f3n Radical, el espacio pol\u00edtico liderado por Mart\u00edn Lousteau y cuyo referente en Santa Fe es Maximiliano Pullaro, tuvo su primer encuentro nacional en Santa Fe como demostraci\u00f3n de respaldo al radicalismo local y para seguir fortaleciendo Juntos por el Cambio.<\/span><\/strong><\/p>\n\n\n\n<figure class=\"wp-block-image size-full\"><img loading=\"lazy\" width=\"900\" height=\"600\" src=\"https:\/\/www.revistarescatados.com.ar\/web\/wp-content\/uploads\/2022\/05\/UCR.jpg\" alt=\"\" class=\"wp-image-17253\" srcset=\"https:\/\/www.revistarescatados.com.ar\/web\/wp-content\/uploads\/2022\/05\/UCR.jpg 900w, https:\/\/www.revistarescatados.com.ar\/web\/wp-content\/uploads\/2022\/05\/UCR-300x200.jpg 300w, https:\/\/www.revistarescatados.com.ar\/web\/wp-content\/uploads\/2022\/05\/UCR-768x512.jpg 768w\" sizes=\"(max-width: 900px) 100vw, 900px\" \/><\/figure>\n\n\n\n<p>\u201cEste es el marco ideal para demostrar que es posible un futuro diferente para la provincia de Santa Fe y para la Rep\u00fablica Argentina\u201d, se anim\u00f3 Pullaro, refiri\u00e9ndose a los miles de militantes que se congregaron.<\/p>\n\n\n\n<p><strong><span class=\"has-inline-color has-vivid-red-color\">VAMOS A DARLE A ARGENTINA Y A SANTA FE EL GOBIERNO QUE SE MERECEN<\/span><\/strong><\/p>\n\n\n\n<p>La apertura del panel de presentaci\u00f3n estuvo a cargo del flamante presidente de la Uni\u00f3n C\u00edvica Radical a nivel provincial, el senador Felipe Michlig, quien sostuvo un tono euf\u00f3rico y militante para entusiasmar a las m\u00e1s de tres mil personas que se dieron cita en el Camping de UPCN de la costa santafesina. \u201cEsta es una caricia al Alma, es un reverdecer de nuestra querida UCR. Vamos a militar por las ideas, vamos a trabajar como nos ense\u00f1\u00f3 Ra\u00fal Alfons\u00edn, para darle a los argentinos el gobierno que se merece, y en Santa Fe con Maxi Pullaro, para recuperar la capacidad de gesti\u00f3n que los santafesinos necesitamos\u201d, dijo Michlig.<\/p>\n\n\n\n<p>Al momento de tomar la palabra el orador principal del encuentro, el senador nacional por CABA, Mart\u00edn Lousteau, asegur\u00f3 que \u201cArgentina es un pa\u00eds trabado, inm\u00f3vil, por eso necesitamos evolucionar en la forma de hacer pol\u00edtica y ejercer los cargos p\u00fablicos. Hay que poner en movimiento al pa\u00eds.\u201d<\/p>\n\n\n\n<figure class=\"wp-block-image size-full\"><img loading=\"lazy\" width=\"900\" height=\"600\" src=\"https:\/\/www.revistarescatados.com.ar\/web\/wp-content\/uploads\/2022\/05\/UCR-Pullaro.jpg\" alt=\"\" class=\"wp-image-17254\" srcset=\"https:\/\/www.revistarescatados.com.ar\/web\/wp-content\/uploads\/2022\/05\/UCR-Pullaro.jpg 900w, https:\/\/www.revistarescatados.com.ar\/web\/wp-content\/uploads\/2022\/05\/UCR-Pullaro-300x200.jpg 300w, https:\/\/www.revistarescatados.com.ar\/web\/wp-content\/uploads\/2022\/05\/UCR-Pullaro-768x512.jpg 768w\" sizes=\"(max-width: 900px) 100vw, 900px\" \/><\/figure>\n\n\n\n<p><strong><span class=\"has-inline-color has-vivid-red-color\">RESPONSABILIDAD MORAL DE DARLE RESPUESTAS A LA GENTE<\/span><\/strong><\/p>\n\n\n\n<p>\u201cEstamos construyendo una alternativa de gobierno en Santa Fe y en el pa\u00eds. Una alternativa donde el radicalismo sea protagonista, donde se aborden cada uno de los problemas de la Argentina y Santa Fe con la seriedad que tienen. Un proyecto de gesti\u00f3n federal, nacional y provincial con respuestas a la gente\u201d, se\u00f1al\u00f3 Pullaro.<\/p>\n\n\n\n<p>Rodrigo de Loredo, otro de los participantes en el escenario, se refiri\u00f3 al futuro de la UCR al se\u00f1alar qu\u00e9: \u201cEvoluci\u00f3n tiene la responsabilidad moral de ofrecerle al radicalismo primero y a Juntos por el Cambio despu\u00e9s, la propuesta de cambio, de modernizaci\u00f3n, de abordaje de las nuevas agendas contempor\u00e1neas y de demostrar que en la Argentina no hay m\u00e1s margen para la improvisaci\u00f3n\u201d.<\/p>\n\n\n\n<p><strong><span class=\"has-inline-color has-vivid-red-color\">LA AGENDA DE G\u00c9NERO<\/span><\/strong><\/p>\n\n\n\n<p>En un momento del discurso Lousteau se refiri\u00f3 a la paridad de g\u00e9nero y la lucha de las mujeres por la igualdad. \u201cLa agenda de g\u00e9nero, no es una cuesti\u00f3n de mujeres, es una agenda que debe ser tomada por cada uno de los dirigentes y legisladores de la Uni\u00f3n C\u00edvica Radical\u201d, asever\u00f3 lo que despert\u00f3 uno de los tantos aplausos de la jornada.<\/p>\n\n\n\n<p>El encuentro se cerr\u00f3 con paneles sobre Seguridad, Educaci\u00f3n, Econom\u00eda, Modernizaci\u00f3n del Estado, Justicia, Agroindustria, Energ\u00eda, Medio Ambiente y Desarrollo local.<\/p>\n\n\n\n<p><strong><span class=\"has-inline-color has-vivid-red-color\">Manifiesto Evoluci\u00f3n<\/span><\/strong><\/p>\n\n\n\n<p>Las argentinas y los argentinos estamos cansados de historias que se repiten, agotados de ilusionarnos s\u00f3lo para volver a decepcionarnos. Estamos cansados de estar cansados. Cuando uno est\u00e1 tan agobiado todo parece m\u00e1s dif\u00edcil de lo que es. Y esa desesperaci\u00f3n nos frustra, nos enoja, nos vuelve cortoplacistas, cultores de la inmediatez, sensibles a las recetas vac\u00edas. Debemos resistir ese pesimismo para concentrarnos en las alternativas reales que s\u00ed tenemos como sociedad.<\/p>\n\n\n\n<p>El desaf\u00edo que afrontamos es complejo porque el contrato del Estado con la sociedad est\u00e1 roto. Revertirlo llevar\u00e1 mucho trabajo y tiempo. Y por eso, no se puede demorar ni un minuto m\u00e1s. Necesitamos un diagn\u00f3stico claro y sincero, con propuestas concretas. Y eso es lo que ofrecemos a la sociedad. Junto con candidatos y candidatas a lo largo y ancho del pa\u00eds que entonan una misma melod\u00eda, que poseen vocaci\u00f3n, capacidad para gestionar, comunicar y convencer a nuestros compatriotas sobre el rumbo que proponemos. Queremos una sociedad moderna y de iguales. Ni moderna para pocos ni iguales en la mediocridad. Y para eso es imprescindible reconstruir un Estado riguroso en la administraci\u00f3n y sensible en sus prioridades.<\/p>\n\n\n\n<p>Ning\u00fan pa\u00eds ha podido progresar y mejorar la calidad de vida de sus habitantes de manera sostenida si su Estado funciona cada vez peor. Y esto es lo que nuestro pa\u00eds est\u00e1 padeciendo. Pero tampoco sin Estado. El desaf\u00edo es reconstruir nuestra Naci\u00f3n refundando nuestro Estado con otra cultura pol\u00edtica. Dig\u00e1moslo as\u00ed: nuestro Estado es gigante, lento y sin fuerza. Gasta cada vez m\u00e1s plata, pero tan mal que no solo no resuelve los problemas sociales, sino que los agrava. Y cobran tantos impuestos que ahoga la producci\u00f3n. Y ese gigante lento y sin fuerza, forma parte de un mundo cada vez m\u00e1s din\u00e1mico y flexible, cada vez m\u00e1s competitivo y complejo. Tenemos que entender que dentro de cada bien y servicio que producimos y vendemos en el exterior est\u00e1 la pol\u00edtica y el Estado.<\/p>\n\n\n\n<p>Cuando alguien exporta, tambi\u00e9n exporta el costo y la calidad de nuestro Estado, de nuestra leyes y regulaciones, de nuestros debates y de nuestra cultura pol\u00edtica. Estamos obligados a redise\u00f1ar el Estado para que sea m\u00e1s eficiente: productivo en sus gastos y productivista en cuanto al entorno que brinda. Que resuelva mejor la enorme deuda social y que aliente a quienes todos los d\u00edas ponen su esfuerzo personal y sus recursos para producir en nuestro pa\u00eds. El objetivo es regenerar una sociedad respetuosa de s\u00ed misma, orientada al desarrollo, con pisos, sin techos, en la que nadie se sienta afuera ni tenga obst\u00e1culos para su progreso. Ese es el Estado que le fue robado a la clase media de nuestro pa\u00eds, que paga cada vez m\u00e1s impuestos y recibe cada vez menos. Eso vale para todos quienes hoy son de clase media pero tambi\u00e9n a quienes podr\u00edan serlo, pero condenamos a la pobreza por la acumulaci\u00f3n de malas pol\u00edticas.<\/p>\n\n\n\n<p>La impotencia de ese Estado para transformar la realidad se explica en gran medida porque hay una gran rapi\u00f1a sobre el mismo. Quienes tienen algo de poder intentan y logran apropiarse de lo que es de todos. Y esto vale para la propia pol\u00edtica, para tantas empresas que hacen negocios s\u00f3lo con el Estado, para muchos sindicatos y tambi\u00e9n para algunos medios y otros factores de poder. Es hora de redescubrir lo esencial en la pr\u00e1ctica pol\u00edtica: servir y no servirse. Trabajar para transformar la realidad. Recuperar el coraje de atravesar la incomodidad que implica reformar lo que urgentemente debe ser cambiado. Nuestros adversarios son aquellos que est\u00e1n c\u00f3modos con esta Argentina cada vez m\u00e1s injusta. La mayor\u00eda silenciosa, honesta y trabajadora que acumula a\u00f1os de frustraciones, crisis y desilusiones necesita una pol\u00edtica que est\u00e9 a la altura, preparada para dar respuestas y soluciones. Con valores y con el compromiso de transpirar a la par de ellos. Somos un espacio federal con equipos, referentes y candidatos en todas las provincias. Eso nos permite conocer y escuchar lo que hace falta en cada pueblo, ciudad, y en todo el pa\u00eds. Nuestro partido gobierna muy bien en tres provincias, alberga a centenares de buenos intendentes, varios rectores y vicerrectores, e innumerables funcionarios a nivel local. Queremos visibilizarlos en todos lados: ellos y no la superestructura ser\u00e1n los motores del verdadero cambio, interno y externo. Llevar\u00e1 tiempo y constancia. Pero si vamos por el buen camino en lugar de dejarnos tentar por el hartazgo y los atajos, vamos a ver las mejoras antes de lo que creemos. Y, m\u00e1s importante a\u00fan, tendremos la certeza de estar haciendo lo correcto: aquello que les dejar\u00e1 a las siguientes generaciones un pa\u00eds mejor.<\/p>\n\n\n\n<p><strong>Nuestras reglas<\/strong><\/p>\n\n\n\n<p>Evoluci\u00f3n es un espacio que nace con vocaci\u00f3n transformadora de la realidad, y con el objetivo de contribuir con la gestaci\u00f3n de un nuevo radicalismo. Uno que tenga una visi\u00f3n nacional, diagn\u00f3sticos claros, capacidad de gesti\u00f3n, y visi\u00f3n federal. Venimos a debatir la l\u00f3gica de un partido que se hab\u00eda cerrado, que en muchos lados est\u00e1 c\u00f3modo siendo oposici\u00f3n. Y que a nivel nacional es percibido m\u00e1s como un partido parlamentario que como uno ejecutivo, lo cual se aprecia claramente en las \u00faltimas cinco elecciones presidenciales, en las que nuestro partido no tuvo la capacidad de construir una candidatura con aspiraciones reales. Trabajamos para proponer en 2023 los mejores candidatos en cada uno de los distritos y a nivel nacional, para hacer un radicalismo m\u00e1s grande y mejor; y un Juntos por el Cambio superador de experiencias anteriores. Por todo esto, en Evoluci\u00f3n tenemos ciertos principios que aplicamos y defendemos fuertemente:<\/p>\n\n\n\n<p>\u25cf Incorporamos nuevos referentes y favorecemos esquemas que permitan su crecimiento.<\/p>\n\n\n\n<p>\u25cf Creemos que todos los liderazgos son desafiables y que las PASO son siempre el mejor m\u00e9todo de selecci\u00f3n de candidatos.<\/p>\n\n\n\n<p>\u25cf Sostenemos que quienes fueron avalados por el voto de la sociedad merecen y deben ocupar lugares de representaci\u00f3n institucional y partidaria.<\/p>\n\n\n\n<p>\u25cf Fortalecemos a los radicales con potencial y le damos acompa\u00f1amiento nacional a su desarrollo como dirigentes.<\/p>\n\n\n\n<p>\u25cf Enfrentamos la misoginia estructural que hoy persiste en el partido y luchamos por una plena igualdad de g\u00e9nero y ampliaci\u00f3n de derechos.<\/p>\n\n\n\n<p>\u25cf Promovemos pol\u00edticas de cuidado del ambiente, energ\u00edas limpias y la lucha contra el cambio clim\u00e1tico.<\/p>\n\n\n\n<p>\u25cf Impulsamos la participaci\u00f3n protag\u00f3nica de j\u00f3venes.<\/p>\n\n\n\n<p>\u25cf Y, sobre todo, fomentamos una discusi\u00f3n m\u00e1s rica sobre el diagn\u00f3stico, las propuestas realistas y la formaci\u00f3n de dirigentes para gestionar con una visi\u00f3n innovadora, transparente y en di\u00e1logo entre lo local, lo provincial y lo nacional.<\/p>\n","protected":false},"excerpt":{"rendered":"<p>Evoluci\u00f3n Radical, el espacio pol\u00edtico liderado por Mart\u00edn Lousteau y cuyo referente en Santa Fe es Maximiliano Pullaro, tuvo su primer encuentro nacional en Santa Fe como demostraci\u00f3n de respaldo al radicalismo&#46;&#46;&#46;<\/p>\n","protected":false},"author":1,"featured_media":17253,"comment_status":"closed","ping_status":"closed","sticky":false,"template":"","format":"standard","meta":[],"categories":[16,13,12],"tags":[],"_links":{"self":[{"href":"https:\/\/www.revistarescatados.com.ar\/web\/wp-json\/wp\/v2\/posts\/17252"}],"collection":[{"href":"https:\/\/www.revistarescatados.com.ar\/web\/wp-json\/wp\/v2\/posts"}],"about":[{"href":"https:\/\/www.revistarescatados.com.ar\/web\/wp-json\/wp\/v2\/types\/post"}],"author":[{"embeddable":true,"href":"https:\/\/www.revistarescatados.com.ar\/web\/wp-json\/wp\/v2\/users\/1"}],"replies":[{"embeddable":true,"href":"https:\/\/www.revistarescatados.com.ar\/web\/wp-json\/wp\/v2\/comments?post=17252"}],"version-history":[{"count":1,"href":"https:\/\/www.revistarescatados.com.ar\/web\/wp-json\/wp\/v2\/posts\/17252\/revisions"}],"predecessor-version":[{"id":17255,"href":"https:\/\/www.revistarescatados.com.ar\/web\/wp-json\/wp\/v2\/posts\/17252\/revisions\/17255"}],"wp:featuredmedia":[{"embeddable":true,"href":"https:\/\/www.revistarescatados.com.ar\/web\/wp-json\/wp\/v2\/media\/17253"}],"wp:attachment":[{"href":"https:\/\/www.revistarescatados.com.ar\/web\/wp-json\/wp\/v2\/media?parent=17252"}],"wp:term":[{"taxonomy":"category","embeddable":true,"href":"https:\/\/www.revistarescatados.com.ar\/web\/wp-json\/wp\/v2\/categories?post=17252"},{"taxonomy":"post_tag","embeddable":true,"href":"https:\/\/www.revistarescatados.com.ar\/web\/wp-json\/wp\/v2\/tags?post=17252"}],"curies":[{"name":"wp","href":"https:\/\/api.w.org\/{rel}","templated":true}]}}