{"id":17262,"date":"2022-05-09T21:28:11","date_gmt":"2022-05-10T00:28:11","guid":{"rendered":"https:\/\/www.revistarescatados.com.ar\/web\/?p=17262"},"modified":"2022-05-09T21:28:17","modified_gmt":"2022-05-10T00:28:17","slug":"volvera-a-funcionar-la-junta-evaluadora-de-discapacidad-en-calchaqui","status":"publish","type":"post","link":"https:\/\/www.revistarescatados.com.ar\/web\/2022\/05\/09\/volvera-a-funcionar-la-junta-evaluadora-de-discapacidad-en-calchaqui\/","title":{"rendered":"Volver\u00e1 a funcionar la Junta Evaluadora de Discapacidad en Calchaqu\u00ed"},"content":{"rendered":"\n<p><strong><span class=\"has-inline-color has-vivid-red-color\">El Concejo Municipal de Calchaqu\u00ed aprob\u00f3 por unanimidad la resoluci\u00f3n interna que autoriza a la m\u00e9dica Graciela Hetze, quien preside el cuerpo legislativo, a seguir firmando los certificados por discapacidad en la Junta local.<\/span><\/strong><\/p>\n\n\n\n<figure class=\"wp-block-image size-large\"><img loading=\"lazy\" width=\"1024\" height=\"683\" src=\"https:\/\/www.revistarescatados.com.ar\/web\/wp-content\/uploads\/2022\/05\/Dra-Graciela-Hetze-1024x683.jpg\" alt=\"\" class=\"wp-image-17263\" srcset=\"https:\/\/www.revistarescatados.com.ar\/web\/wp-content\/uploads\/2022\/05\/Dra-Graciela-Hetze-1024x683.jpg 1024w, https:\/\/www.revistarescatados.com.ar\/web\/wp-content\/uploads\/2022\/05\/Dra-Graciela-Hetze-300x200.jpg 300w, https:\/\/www.revistarescatados.com.ar\/web\/wp-content\/uploads\/2022\/05\/Dra-Graciela-Hetze-768x512.jpg 768w, https:\/\/www.revistarescatados.com.ar\/web\/wp-content\/uploads\/2022\/05\/Dra-Graciela-Hetze.jpg 1047w\" sizes=\"(max-width: 1024px) 100vw, 1024px\" \/><\/figure>\n\n\n\n<p>Desde el Concejo de Calchaqu\u00ed se conformo la Comisi\u00f3n especial de poderes del concejo. La concejal Milca Garavaglia present\u00f3 un proyecto de tratamiento interno con la votaci\u00f3n de manera un\u00e1nime por parte de todos los concejales de Calchaqu\u00ed.  <\/p>\n\n\n\n<p>All\u00ed se logr\u00f3 la autorizaci\u00f3n   a la m\u00e9dica y presidente del HCM Graciela Hetze para que siga funcionando la Junta Evaluadora para la discapacidad. &#8220;La Dra. Hetze fue designada en la junta por el Ministerio de salud de la provincia y se entiende que no tiene relaci\u00f3n con el Municipio de Calchaqu\u00ed, previa evaluaci\u00f3n ministerial&#8221;, inform\u00f3 la periodista Olga Reynolds.<\/p>\n\n\n\n<p>Por su parte Hetze agradeci\u00f3 a la concejal Garavaglia &#8220;quien realiz\u00f3 y presento el proyecto q se trat\u00f3 en el Honorable concejo Municipal donde se logr\u00f3 volver a poner en funcionamiento a la Junta Evaluadora de discapacidad de nuestra ciudad&#8221;, se\u00f1al\u00f3.<\/p>\n\n\n\n<p><\/p>\n","protected":false},"excerpt":{"rendered":"<p>El Concejo Municipal de Calchaqu\u00ed aprob\u00f3 por unanimidad la resoluci\u00f3n interna que autoriza a la m\u00e9dica Graciela Hetze, quien preside el cuerpo legislativo, a seguir firmando los certificados por discapacidad en la&#46;&#46;&#46;<\/p>\n","protected":false},"author":1,"featured_media":17263,"comment_status":"closed","ping_status":"closed","sticky":false,"template":"","format":"standard","meta":[],"categories":[2,3,16,10,9],"tags":[],"_links":{"self":[{"href":"https:\/\/www.revistarescatados.com.ar\/web\/wp-json\/wp\/v2\/posts\/17262"}],"collection":[{"href":"https:\/\/www.revistarescatados.com.ar\/web\/wp-json\/wp\/v2\/posts"}],"about":[{"href":"https:\/\/www.revistarescatados.com.ar\/web\/wp-json\/wp\/v2\/types\/post"}],"author":[{"embeddable":true,"href":"https:\/\/www.revistarescatados.com.ar\/web\/wp-json\/wp\/v2\/users\/1"}],"replies":[{"embeddable":true,"href":"https:\/\/www.revistarescatados.com.ar\/web\/wp-json\/wp\/v2\/comments?post=17262"}],"version-history":[{"count":1,"href":"https:\/\/www.revistarescatados.com.ar\/web\/wp-json\/wp\/v2\/posts\/17262\/revisions"}],"predecessor-version":[{"id":17264,"href":"https:\/\/www.revistarescatados.com.ar\/web\/wp-json\/wp\/v2\/posts\/17262\/revisions\/17264"}],"wp:featuredmedia":[{"embeddable":true,"href":"https:\/\/www.revistarescatados.com.ar\/web\/wp-json\/wp\/v2\/media\/17263"}],"wp:attachment":[{"href":"https:\/\/www.revistarescatados.com.ar\/web\/wp-json\/wp\/v2\/media?parent=17262"}],"wp:term":[{"taxonomy":"category","embeddable":true,"href":"https:\/\/www.revistarescatados.com.ar\/web\/wp-json\/wp\/v2\/categories?post=17262"},{"taxonomy":"post_tag","embeddable":true,"href":"https:\/\/www.revistarescatados.com.ar\/web\/wp-json\/wp\/v2\/tags?post=17262"}],"curies":[{"name":"wp","href":"https:\/\/api.w.org\/{rel}","templated":true}]}}