{"id":17265,"date":"2022-05-10T21:09:32","date_gmt":"2022-05-11T00:09:32","guid":{"rendered":"https:\/\/www.revistarescatados.com.ar\/web\/?p=17265"},"modified":"2022-05-10T21:09:38","modified_gmt":"2022-05-11T00:09:38","slug":"mejoran-el-servicio-electrico-hacia-la-comunidad-mocovi-de-margarita","status":"publish","type":"post","link":"https:\/\/www.revistarescatados.com.ar\/web\/2022\/05\/10\/mejoran-el-servicio-electrico-hacia-la-comunidad-mocovi-de-margarita\/","title":{"rendered":"Mejoran el servicio el\u00e9ctrico hacia la comunidad mocov\u00ed de Margarita"},"content":{"rendered":"\n<p><strong><span class=\"has-inline-color has-vivid-red-color\">El senador Osvaldo Sosa, junto al presidente comunal Ariel Bolano, recorri\u00f3 las obras de la provincia  que implican un recambio de los postes y cableado del tendido el\u00e9ctrico hacia el Paraje El Toba.<\/span><\/strong><\/p>\n\n\n\n<figure class=\"wp-block-image size-full\"><img loading=\"lazy\" width=\"707\" height=\"489\" src=\"https:\/\/www.revistarescatados.com.ar\/web\/wp-content\/uploads\/2022\/05\/electricidad-Paraje-El-Toba.jpg\" alt=\"\" class=\"wp-image-17266\" srcset=\"https:\/\/www.revistarescatados.com.ar\/web\/wp-content\/uploads\/2022\/05\/electricidad-Paraje-El-Toba.jpg 707w, https:\/\/www.revistarescatados.com.ar\/web\/wp-content\/uploads\/2022\/05\/electricidad-Paraje-El-Toba-300x207.jpg 300w\" sizes=\"(max-width: 707px) 100vw, 707px\" \/><\/figure>\n\n\n\n<p>&#8220;Claramente la decisi\u00f3n pol\u00edtica del gobernador Omar Perotti es la de implementar pol\u00edticas que llegan a cada rinc\u00f3n y en cada pueblo santafesino. El problema del servicio el\u00e9ctrico en la comunidad, era una dificultad que atravesaba en much\u00edsimos aspectos y dificultaba de manera directa la calidad de vida de todos sus habitantes&#8221;, indic\u00f3 Sosa.<\/p>\n\n\n\n<p><br>Los postes ya se encuentran colocados y est\u00e1 en ejecuci\u00f3n la instalaci\u00f3n del cableado que va a repercutir en una mejora considerable del servicio y uso de la energ\u00eda.<\/p>\n\n\n\n<iframe loading=\"lazy\" src=\"https:\/\/www.facebook.com\/plugins\/video.php?height=308&#038;href=https%3A%2F%2Fwww.facebook.com%2F161421006756%2Fvideos%2F696212631622775%2F&#038;show_text=false&#038;width=560&#038;t=0\" width=\"560\" height=\"308\" style=\"border:none;overflow:hidden\" scrolling=\"no\" frameborder=\"0\" allowfullscreen=\"true\" allow=\"autoplay; clipboard-write; encrypted-media; picture-in-picture; web-share\" allowFullScreen=\"true\"><\/iframe>\n\n\n\n<p><br>&#8220;Quiero destacar tambi\u00e9n el compromiso del director de la EPE, Mauricio Caussi y la predisposici\u00f3n ante el requerimiento en la celeridad de los trabajos. Es una demostraci\u00f3n m\u00e1s que trabajando articuladamente todos los estamentos del estado se logran acortar tiempos en beneficio de nuestros ciudadanos&#8221;, se\u00f1al\u00f3 el senador Osvaldo Sosa.<\/p>\n","protected":false},"excerpt":{"rendered":"<p>El senador Osvaldo Sosa, junto al presidente comunal Ariel Bolano, recorri\u00f3 las obras de la provincia que implican un recambio de los postes y cableado del tendido el\u00e9ctrico hacia el Paraje El&#46;&#46;&#46;<\/p>\n","protected":false},"author":1,"featured_media":17266,"comment_status":"closed","ping_status":"closed","sticky":false,"template":"","format":"standard","meta":[],"categories":[3,16,10,8],"tags":[],"_links":{"self":[{"href":"https:\/\/www.revistarescatados.com.ar\/web\/wp-json\/wp\/v2\/posts\/17265"}],"collection":[{"href":"https:\/\/www.revistarescatados.com.ar\/web\/wp-json\/wp\/v2\/posts"}],"about":[{"href":"https:\/\/www.revistarescatados.com.ar\/web\/wp-json\/wp\/v2\/types\/post"}],"author":[{"embeddable":true,"href":"https:\/\/www.revistarescatados.com.ar\/web\/wp-json\/wp\/v2\/users\/1"}],"replies":[{"embeddable":true,"href":"https:\/\/www.revistarescatados.com.ar\/web\/wp-json\/wp\/v2\/comments?post=17265"}],"version-history":[{"count":1,"href":"https:\/\/www.revistarescatados.com.ar\/web\/wp-json\/wp\/v2\/posts\/17265\/revisions"}],"predecessor-version":[{"id":17267,"href":"https:\/\/www.revistarescatados.com.ar\/web\/wp-json\/wp\/v2\/posts\/17265\/revisions\/17267"}],"wp:featuredmedia":[{"embeddable":true,"href":"https:\/\/www.revistarescatados.com.ar\/web\/wp-json\/wp\/v2\/media\/17266"}],"wp:attachment":[{"href":"https:\/\/www.revistarescatados.com.ar\/web\/wp-json\/wp\/v2\/media?parent=17265"}],"wp:term":[{"taxonomy":"category","embeddable":true,"href":"https:\/\/www.revistarescatados.com.ar\/web\/wp-json\/wp\/v2\/categories?post=17265"},{"taxonomy":"post_tag","embeddable":true,"href":"https:\/\/www.revistarescatados.com.ar\/web\/wp-json\/wp\/v2\/tags?post=17265"}],"curies":[{"name":"wp","href":"https:\/\/api.w.org\/{rel}","templated":true}]}}