{"id":1732,"date":"2018-08-29T19:54:03","date_gmt":"2018-08-29T22:54:03","guid":{"rendered":"http:\/\/www.revistarescatados.com.ar\/web\/?p=1732"},"modified":"2018-08-29T19:54:03","modified_gmt":"2018-08-29T22:54:03","slug":"nuevos-equipamientos-y-ampliaciones-en-salud-en-el-departamento-vera","status":"publish","type":"post","link":"https:\/\/www.revistarescatados.com.ar\/web\/2018\/08\/29\/nuevos-equipamientos-y-ampliaciones-en-salud-en-el-departamento-vera\/","title":{"rendered":"Nuevos equipamientos y ampliaciones en salud en el departamento Vera"},"content":{"rendered":"<p><img loading=\"lazy\" class=\"aligncenter size-full wp-image-1733\" src=\"http:\/\/www.revistarescatados.com.ar\/web\/wp-content\/uploads\/2018\/08\/Rojas-en-la-comunidad-mocov\u00ed-de-Margarita.jpg\" alt=\"\" width=\"1280\" height=\"853\" srcset=\"https:\/\/www.revistarescatados.com.ar\/web\/wp-content\/uploads\/2018\/08\/Rojas-en-la-comunidad-mocov\u00ed-de-Margarita.jpg 1280w, https:\/\/www.revistarescatados.com.ar\/web\/wp-content\/uploads\/2018\/08\/Rojas-en-la-comunidad-mocov\u00ed-de-Margarita-300x200.jpg 300w, https:\/\/www.revistarescatados.com.ar\/web\/wp-content\/uploads\/2018\/08\/Rojas-en-la-comunidad-mocov\u00ed-de-Margarita-768x512.jpg 768w, https:\/\/www.revistarescatados.com.ar\/web\/wp-content\/uploads\/2018\/08\/Rojas-en-la-comunidad-mocov\u00ed-de-Margarita-1024x682.jpg 1024w\" sizes=\"(max-width: 1280px) 100vw, 1280px\" \/><\/p>\n<p><span style=\"color: #0000ff;\"><strong>El coordinador del Plan Norte, Sergio Rojas, anunci\u00f3 una serie de avances para distintos efectores de salud del norte santafesino.<\/strong><\/span><\/p>\n<p>\u201cPor un lado, se construir\u00e1 una posta sanitaria en la comunidad mocov\u00ed de Margarita, que contar\u00e1 con un consultorio, office de enfermer\u00eda y sala de espera. A esto se suma la refacci\u00f3n del CAPS del Km. 101, que implic\u00f3 cambio de techos, pintura y arreglos en general, en el marco del fortalecimiento de la atenci\u00f3n primaria para la salud que estamos llevando adelante\u201d, comenz\u00f3 diciendo Rojas.<\/p>\n<p>El coordinador explic\u00f3, adem\u00e1s, que el pr\u00f3ximo jueves 30 \u201cestaremos con la ministra de Salud, Andrea Uboldi, haciendo entrega de nuevos equipos de rayos X para las localidades de Vera, Villa Ocampo y Villa Guillermina, as\u00ed como de equipos de rehabilitaci\u00f3n para Intiyaco y Romang, en el Nodo C\u00edvico\u201d.<\/p>\n<p>En otra direcci\u00f3n, el funcionario indic\u00f3 que \u201cprontamente realizaremos una obra de instalaci\u00f3n el\u00e9ctrica en el hospital de Tartagal, que incluir\u00e1 la colocaci\u00f3n de aires acondicionados, ventiladores, iluminaci\u00f3n de emergencia, se\u00f1alizaci\u00f3n de escape, sistema de llamada de enfermer\u00eda y alarma, iluminaci\u00f3n general, y un nuevo grupo electr\u00f3geno acorde con el tama\u00f1o del edificio\u201d.<\/p>\n<p>Seguidamente, Sergio Rojas remarc\u00f3 que &#8220;estas obras son peque\u00f1as comparadas, por ejemplo, con el nuevo hospital de Reconquista, pero a la vez se complementan para mejorar la calidad de salud que se ha propuesto en El Plan del Norte. Se suman a otras que vienen tambi\u00e9n avanzando en los tres departamentos, y a la incorporaci\u00f3n de nuevo recurso humano profesional. Mucho queda por hacer, pero a pesar de los tiempos de ajustes, la salud p\u00fablica y la educaci\u00f3n son las prioridades por parte de este gobierno provincial\u201d.<\/p>\n","protected":false},"excerpt":{"rendered":"<p>El coordinador del Plan Norte, Sergio Rojas, anunci\u00f3 una serie de avances para distintos efectores de salud del norte santafesino. \u201cPor un lado, se construir\u00e1 una posta sanitaria en la comunidad mocov\u00ed&#46;&#46;&#46;<\/p>\n","protected":false},"author":1,"featured_media":1733,"comment_status":"closed","ping_status":"open","sticky":false,"template":"","format":"standard","meta":[],"categories":[3,16,9],"tags":[],"_links":{"self":[{"href":"https:\/\/www.revistarescatados.com.ar\/web\/wp-json\/wp\/v2\/posts\/1732"}],"collection":[{"href":"https:\/\/www.revistarescatados.com.ar\/web\/wp-json\/wp\/v2\/posts"}],"about":[{"href":"https:\/\/www.revistarescatados.com.ar\/web\/wp-json\/wp\/v2\/types\/post"}],"author":[{"embeddable":true,"href":"https:\/\/www.revistarescatados.com.ar\/web\/wp-json\/wp\/v2\/users\/1"}],"replies":[{"embeddable":true,"href":"https:\/\/www.revistarescatados.com.ar\/web\/wp-json\/wp\/v2\/comments?post=1732"}],"version-history":[{"count":1,"href":"https:\/\/www.revistarescatados.com.ar\/web\/wp-json\/wp\/v2\/posts\/1732\/revisions"}],"predecessor-version":[{"id":1734,"href":"https:\/\/www.revistarescatados.com.ar\/web\/wp-json\/wp\/v2\/posts\/1732\/revisions\/1734"}],"wp:featuredmedia":[{"embeddable":true,"href":"https:\/\/www.revistarescatados.com.ar\/web\/wp-json\/wp\/v2\/media\/1733"}],"wp:attachment":[{"href":"https:\/\/www.revistarescatados.com.ar\/web\/wp-json\/wp\/v2\/media?parent=1732"}],"wp:term":[{"taxonomy":"category","embeddable":true,"href":"https:\/\/www.revistarescatados.com.ar\/web\/wp-json\/wp\/v2\/categories?post=1732"},{"taxonomy":"post_tag","embeddable":true,"href":"https:\/\/www.revistarescatados.com.ar\/web\/wp-json\/wp\/v2\/tags?post=1732"}],"curies":[{"name":"wp","href":"https:\/\/api.w.org\/{rel}","templated":true}]}}