{"id":1735,"date":"2018-08-29T20:34:10","date_gmt":"2018-08-29T23:34:10","guid":{"rendered":"http:\/\/www.revistarescatados.com.ar\/web\/?p=1735"},"modified":"2018-08-29T20:34:10","modified_gmt":"2018-08-29T23:34:10","slug":"cooperativistas-participan-de-capacitaciones-en-estados-unidos","status":"publish","type":"post","link":"https:\/\/www.revistarescatados.com.ar\/web\/2018\/08\/29\/cooperativistas-participan-de-capacitaciones-en-estados-unidos\/","title":{"rendered":"Cooperativistas participan de capacitaciones en Estados Unidos"},"content":{"rendered":"<p><img loading=\"lazy\" class=\"aligncenter size-full wp-image-1736\" src=\"http:\/\/www.revistarescatados.com.ar\/web\/wp-content\/uploads\/2018\/08\/capacitacion-de-cooperativa.jpg\" alt=\"\" width=\"960\" height=\"540\" srcset=\"https:\/\/www.revistarescatados.com.ar\/web\/wp-content\/uploads\/2018\/08\/capacitacion-de-cooperativa.jpg 960w, https:\/\/www.revistarescatados.com.ar\/web\/wp-content\/uploads\/2018\/08\/capacitacion-de-cooperativa-300x169.jpg 300w, https:\/\/www.revistarescatados.com.ar\/web\/wp-content\/uploads\/2018\/08\/capacitacion-de-cooperativa-768x432.jpg 768w\" sizes=\"(max-width: 960px) 100vw, 960px\" \/><\/p>\n<p><span style=\"color: #0000ff;\"><strong>Los representantes de Cooperativa Agr\u00edcola Mixta de Margarita &#8211; Gabriel Colnaghi y Dar\u00edo Muss\u00edn &#8211; est\u00e1n participando de diferentes actividades y capacitaciones en el pa\u00eds del norte. Es una gran oportunidad para conocer las nuevas tendencias en agricultura, ganader\u00eda y agroindustria.<\/strong><\/span><\/p>\n<p>De la delegaci\u00f3n participan integrantes de la Sociedad Rural de Vera en la capacitaci\u00f3n realizada hoy en Orlando, camino a cabo Ca\u00f1averal, Estados Unidos.<\/p>\n<p>El Viaje de Capacitaci\u00f3n T\u00e9cnica a los EEUU es una gran oportunidad para conocer las nuevas tendencias en Agricultura, Ganader\u00eda y Agroindustria. Visitando, adem\u00e1s del Farm Progress Show, diversos establecimientos modelo y universidades.<\/p>\n<p>Farm Progress Show es el evento agr\u00edcola m\u00e1s grande de EEUU. Re\u00fane a productores y fabricantes desde hace 65 a\u00f1os. Es la megamuestra elegida por los principales fabricantes para presentar sus novedades.<\/p>\n","protected":false},"excerpt":{"rendered":"<p>Los representantes de Cooperativa Agr\u00edcola Mixta de Margarita &#8211; Gabriel Colnaghi y Dar\u00edo Muss\u00edn &#8211; est\u00e1n participando de diferentes actividades y capacitaciones en el pa\u00eds del norte. Es una gran oportunidad para&#46;&#46;&#46;<\/p>\n","protected":false},"author":1,"featured_media":1736,"comment_status":"closed","ping_status":"open","sticky":false,"template":"","format":"standard","meta":[],"categories":[2,3,8],"tags":[],"_links":{"self":[{"href":"https:\/\/www.revistarescatados.com.ar\/web\/wp-json\/wp\/v2\/posts\/1735"}],"collection":[{"href":"https:\/\/www.revistarescatados.com.ar\/web\/wp-json\/wp\/v2\/posts"}],"about":[{"href":"https:\/\/www.revistarescatados.com.ar\/web\/wp-json\/wp\/v2\/types\/post"}],"author":[{"embeddable":true,"href":"https:\/\/www.revistarescatados.com.ar\/web\/wp-json\/wp\/v2\/users\/1"}],"replies":[{"embeddable":true,"href":"https:\/\/www.revistarescatados.com.ar\/web\/wp-json\/wp\/v2\/comments?post=1735"}],"version-history":[{"count":1,"href":"https:\/\/www.revistarescatados.com.ar\/web\/wp-json\/wp\/v2\/posts\/1735\/revisions"}],"predecessor-version":[{"id":1737,"href":"https:\/\/www.revistarescatados.com.ar\/web\/wp-json\/wp\/v2\/posts\/1735\/revisions\/1737"}],"wp:featuredmedia":[{"embeddable":true,"href":"https:\/\/www.revistarescatados.com.ar\/web\/wp-json\/wp\/v2\/media\/1736"}],"wp:attachment":[{"href":"https:\/\/www.revistarescatados.com.ar\/web\/wp-json\/wp\/v2\/media?parent=1735"}],"wp:term":[{"taxonomy":"category","embeddable":true,"href":"https:\/\/www.revistarescatados.com.ar\/web\/wp-json\/wp\/v2\/categories?post=1735"},{"taxonomy":"post_tag","embeddable":true,"href":"https:\/\/www.revistarescatados.com.ar\/web\/wp-json\/wp\/v2\/tags?post=1735"}],"curies":[{"name":"wp","href":"https:\/\/api.w.org\/{rel}","templated":true}]}}