{"id":17398,"date":"2022-06-01T00:27:00","date_gmt":"2022-06-01T03:27:00","guid":{"rendered":"https:\/\/www.revistarescatados.com.ar\/web\/?p=17398"},"modified":"2022-06-01T00:27:05","modified_gmt":"2022-06-01T03:27:05","slug":"mutual-belgrano-invita-a-cicloturismo-por-biciperegrinos-gobernador-crespo","status":"publish","type":"post","link":"https:\/\/www.revistarescatados.com.ar\/web\/2022\/06\/01\/mutual-belgrano-invita-a-cicloturismo-por-biciperegrinos-gobernador-crespo\/","title":{"rendered":"Mutual Belgrano invita a Cicloturismo por &#8220;Biciperegrinos Gobernador Crespo&#8221;"},"content":{"rendered":"\n<p><\/p>\n\n\n\n<p><br><strong><span class=\"has-inline-color has-vivid-red-color\">El evento de convocatoria regional tendr\u00e1 lugar el pr\u00f3ximo domingo 5 de junio, con punto de partida desde la localidad de Gobernador Crespo y tendr\u00e1 dos recorridos. El m\u00e1s extenso recorrer\u00e1 50 kil\u00f3metros hasta el Puente del R\u00edo Salado, en tanto habr\u00e1 una opci\u00f3n m\u00e1s corta de 24 kil\u00f3metros que llegar\u00e1 hasta La Penca, en ambos casos el regreso ser\u00e1 hasta el punto de partida para completar ambos recorridos. <\/span><\/strong><\/p>\n\n\n\n<figure class=\"wp-block-image size-full\"><img loading=\"lazy\" width=\"571\" height=\"800\" src=\"https:\/\/www.revistarescatados.com.ar\/web\/wp-content\/uploads\/2022\/06\/CICLOTURISMO.jpg\" alt=\"\" class=\"wp-image-17399\" srcset=\"https:\/\/www.revistarescatados.com.ar\/web\/wp-content\/uploads\/2022\/06\/CICLOTURISMO.jpg 571w, https:\/\/www.revistarescatados.com.ar\/web\/wp-content\/uploads\/2022\/06\/CICLOTURISMO-214x300.jpg 214w\" sizes=\"(max-width: 571px) 100vw, 571px\" \/><\/figure>\n\n\n\n<p><\/p>\n\n\n\n<p>Desde Mutual Belgrano queremos invitar a tomar parte del encuentro. Para inscribirse los interesados podr\u00e1n consultar con los organizadores al contacto 3498 537749 (Clara) o las redes del Grupo de Biciperegrinos.<\/p>\n\n\n\n<p> Tambi\u00e9n se cuenta con un formulario digital para completar la inscripci\u00f3n: https:\/\/docs.google.com\/\u2026\/19Sftu\u2026\/edit all\u00ed podr\u00e1n sumarse, el costo de la inscripci\u00f3n es de $800. <\/p>\n\n\n\n<p>Habr\u00e1 puestos de hidrataci\u00f3n, desayuno, sorpresas y regalos para los participantes.<\/p>\n\n\n\n<p><br>Prensa Mutual Belgrano<\/p>\n","protected":false},"excerpt":{"rendered":"<p>El evento de convocatoria regional tendr\u00e1 lugar el pr\u00f3ximo domingo 5 de junio, con punto de partida desde la localidad de Gobernador Crespo y tendr\u00e1 dos recorridos. El m\u00e1s extenso recorrer\u00e1 50&#46;&#46;&#46;<\/p>\n","protected":false},"author":1,"featured_media":17399,"comment_status":"closed","ping_status":"closed","sticky":false,"template":"","format":"standard","meta":[],"categories":[4,17,16,8],"tags":[],"_links":{"self":[{"href":"https:\/\/www.revistarescatados.com.ar\/web\/wp-json\/wp\/v2\/posts\/17398"}],"collection":[{"href":"https:\/\/www.revistarescatados.com.ar\/web\/wp-json\/wp\/v2\/posts"}],"about":[{"href":"https:\/\/www.revistarescatados.com.ar\/web\/wp-json\/wp\/v2\/types\/post"}],"author":[{"embeddable":true,"href":"https:\/\/www.revistarescatados.com.ar\/web\/wp-json\/wp\/v2\/users\/1"}],"replies":[{"embeddable":true,"href":"https:\/\/www.revistarescatados.com.ar\/web\/wp-json\/wp\/v2\/comments?post=17398"}],"version-history":[{"count":1,"href":"https:\/\/www.revistarescatados.com.ar\/web\/wp-json\/wp\/v2\/posts\/17398\/revisions"}],"predecessor-version":[{"id":17400,"href":"https:\/\/www.revistarescatados.com.ar\/web\/wp-json\/wp\/v2\/posts\/17398\/revisions\/17400"}],"wp:featuredmedia":[{"embeddable":true,"href":"https:\/\/www.revistarescatados.com.ar\/web\/wp-json\/wp\/v2\/media\/17399"}],"wp:attachment":[{"href":"https:\/\/www.revistarescatados.com.ar\/web\/wp-json\/wp\/v2\/media?parent=17398"}],"wp:term":[{"taxonomy":"category","embeddable":true,"href":"https:\/\/www.revistarescatados.com.ar\/web\/wp-json\/wp\/v2\/categories?post=17398"},{"taxonomy":"post_tag","embeddable":true,"href":"https:\/\/www.revistarescatados.com.ar\/web\/wp-json\/wp\/v2\/tags?post=17398"}],"curies":[{"name":"wp","href":"https:\/\/api.w.org\/{rel}","templated":true}]}}