{"id":17401,"date":"2022-06-01T00:32:24","date_gmt":"2022-06-01T03:32:24","guid":{"rendered":"https:\/\/www.revistarescatados.com.ar\/web\/?p=17401"},"modified":"2022-06-01T00:32:30","modified_gmt":"2022-06-01T03:32:30","slug":"foro-sobre-la-ley-del-agua-se-reunio-en-calchaqui-video","status":"publish","type":"post","link":"https:\/\/www.revistarescatados.com.ar\/web\/2022\/06\/01\/foro-sobre-la-ley-del-agua-se-reunio-en-calchaqui-video\/","title":{"rendered":"Foro sobre la Ley del Agua se reuni\u00f3 en Calchaqu\u00ed (Video)"},"content":{"rendered":"\n<p><\/p>\n\n\n\n<p><span class=\"has-inline-color has-vivid-red-color\"><strong>Se realiz\u00f3 en Calchaqu\u00ed el Primer Foro sobre los alcances de la Ley de Aguas, con la participaci\u00f3n de Presidentes Comunales e Intendentes de los Departamentos General Obligado, Vera, 9 de Julio, San Crist\u00f3bal, San Justo y San Javier. <\/strong><\/span><\/p>\n\n\n\n<figure class=\"wp-block-image size-full\"><img loading=\"lazy\" width=\"922\" height=\"506\" src=\"https:\/\/www.revistarescatados.com.ar\/web\/wp-content\/uploads\/2022\/06\/Foro-del-Agua.jpg\" alt=\"\" class=\"wp-image-17402\" srcset=\"https:\/\/www.revistarescatados.com.ar\/web\/wp-content\/uploads\/2022\/06\/Foro-del-Agua.jpg 922w, https:\/\/www.revistarescatados.com.ar\/web\/wp-content\/uploads\/2022\/06\/Foro-del-Agua-300x165.jpg 300w, https:\/\/www.revistarescatados.com.ar\/web\/wp-content\/uploads\/2022\/06\/Foro-del-Agua-768x421.jpg 768w\" sizes=\"(max-width: 922px) 100vw, 922px\" \/><\/figure>\n\n\n\n<p>El Ministerio de Infraestructura, Servicios P\u00fablicos y H\u00e1bitat hizo esta convocatoria para el abordaje y debate de aspectos relacionados con los alcances de la reglamentaci\u00f3n de la Ley del Aguas (N\u00ba 13.740) de la provincia de Santa Fe.<\/p>\n\n\n\n<iframe loading=\"lazy\" src=\"https:\/\/www.facebook.com\/plugins\/video.php?height=314&#038;href=https%3A%2F%2Fweb.facebook.com%2Frescatados.calchaqui.5%2Fvideos%2F429520542026021%2F&#038;show_text=false&#038;width=560&#038;t=0\" width=\"560\" height=\"314\" style=\"border:none;overflow:hidden\" scrolling=\"no\" frameborder=\"0\" allowfullscreen=\"true\" allow=\"autoplay; clipboard-write; encrypted-media; picture-in-picture; web-share\" allowFullScreen=\"true\"><\/iframe>\n\n\n\n<p>Ser\u00e1n tres jornadas que se llevar\u00e1n a cabo con este objetivo, las dem\u00e1s ser\u00e1n en Esperanza y en Casilda, coordinadas por funcionarios de la Secretar\u00eda de Recursos H\u00eddricos.<\/p>\n","protected":false},"excerpt":{"rendered":"<p>Se realiz\u00f3 en Calchaqu\u00ed el Primer Foro sobre los alcances de la Ley de Aguas, con la participaci\u00f3n de Presidentes Comunales e Intendentes de los Departamentos General Obligado, Vera, 9 de Julio,&#46;&#46;&#46;<\/p>\n","protected":false},"author":1,"featured_media":17402,"comment_status":"closed","ping_status":"closed","sticky":false,"template":"","format":"standard","meta":[],"categories":[2,3,16,14],"tags":[],"_links":{"self":[{"href":"https:\/\/www.revistarescatados.com.ar\/web\/wp-json\/wp\/v2\/posts\/17401"}],"collection":[{"href":"https:\/\/www.revistarescatados.com.ar\/web\/wp-json\/wp\/v2\/posts"}],"about":[{"href":"https:\/\/www.revistarescatados.com.ar\/web\/wp-json\/wp\/v2\/types\/post"}],"author":[{"embeddable":true,"href":"https:\/\/www.revistarescatados.com.ar\/web\/wp-json\/wp\/v2\/users\/1"}],"replies":[{"embeddable":true,"href":"https:\/\/www.revistarescatados.com.ar\/web\/wp-json\/wp\/v2\/comments?post=17401"}],"version-history":[{"count":1,"href":"https:\/\/www.revistarescatados.com.ar\/web\/wp-json\/wp\/v2\/posts\/17401\/revisions"}],"predecessor-version":[{"id":17403,"href":"https:\/\/www.revistarescatados.com.ar\/web\/wp-json\/wp\/v2\/posts\/17401\/revisions\/17403"}],"wp:featuredmedia":[{"embeddable":true,"href":"https:\/\/www.revistarescatados.com.ar\/web\/wp-json\/wp\/v2\/media\/17402"}],"wp:attachment":[{"href":"https:\/\/www.revistarescatados.com.ar\/web\/wp-json\/wp\/v2\/media?parent=17401"}],"wp:term":[{"taxonomy":"category","embeddable":true,"href":"https:\/\/www.revistarescatados.com.ar\/web\/wp-json\/wp\/v2\/categories?post=17401"},{"taxonomy":"post_tag","embeddable":true,"href":"https:\/\/www.revistarescatados.com.ar\/web\/wp-json\/wp\/v2\/tags?post=17401"}],"curies":[{"name":"wp","href":"https:\/\/api.w.org\/{rel}","templated":true}]}}