{"id":17447,"date":"2022-06-09T21:19:51","date_gmt":"2022-06-10T00:19:51","guid":{"rendered":"https:\/\/www.revistarescatados.com.ar\/web\/?p=17447"},"modified":"2022-06-09T21:19:54","modified_gmt":"2022-06-10T00:19:54","slug":"madre-e-hijo-fallecieron-en-un-choque-frontal-sobre-la-ruta-11-cerca-de-calchaqui","status":"publish","type":"post","link":"https:\/\/www.revistarescatados.com.ar\/web\/2022\/06\/09\/madre-e-hijo-fallecieron-en-un-choque-frontal-sobre-la-ruta-11-cerca-de-calchaqui\/","title":{"rendered":"Madre e hijo fallecieron en un choque frontal sobre la ruta 11, cerca de Calchaqu\u00ed"},"content":{"rendered":"\n<p><\/p>\n\n\n\n<p><strong><span class=\"has-inline-color has-vivid-red-color\">Por el impacto entre un auto y un cami\u00f3n cisterna, perdieron la vida Silvana Ben\u00edtez de 34 a\u00f1os y su hijo de 10 a\u00f1os, mientras que una ni\u00f1a de 8 a\u00f1os result\u00f3 lesionada. Regresaban del control oncol\u00f3gico a la ni\u00f1a de Santa Fe.<\/span><\/strong><\/p>\n\n\n\n<figure class=\"wp-block-image size-full\"><img loading=\"lazy\" width=\"952\" height=\"448\" src=\"https:\/\/www.revistarescatados.com.ar\/web\/wp-content\/uploads\/2022\/06\/choque-1.jpg\" alt=\"\" class=\"wp-image-17448\" srcset=\"https:\/\/www.revistarescatados.com.ar\/web\/wp-content\/uploads\/2022\/06\/choque-1.jpg 952w, https:\/\/www.revistarescatados.com.ar\/web\/wp-content\/uploads\/2022\/06\/choque-1-300x141.jpg 300w, https:\/\/www.revistarescatados.com.ar\/web\/wp-content\/uploads\/2022\/06\/choque-1-768x361.jpg 768w, https:\/\/www.revistarescatados.com.ar\/web\/wp-content\/uploads\/2022\/06\/choque-1-520x245.jpg 520w, https:\/\/www.revistarescatados.com.ar\/web\/wp-content\/uploads\/2022\/06\/choque-1-720x340.jpg 720w\" sizes=\"(max-width: 952px) 100vw, 952px\" \/><\/figure>\n\n\n\n<p>A las 16:15 hs de este jueves 09 de junio, personal policial de la Comisaria 2da de Calchaqu\u00ed, tom\u00f3 conocimiento e intervenci\u00f3n en un accidente de tr\u00e1nsito, ocurrido en el Km 673 de la Ruta Nacional Nro. 11 km al norte de Calchaqu\u00ed.<\/p>\n\n\n\n<p>Por causas que se investigan colisionaron un cami\u00f3n cisterna con combustible y un autom\u00f3vil Toyota Corolla conducido por Silvana Ben\u00edtez de 34 a\u00f1os de edad, quien iba acompa\u00f1ada por sus hijos Brian y Luz Robledo, de 10 y 8 a\u00f1os respectivamente.<\/p>\n\n\n\n<p>Como consecuencias del violento impacto, Silvana Ben\u00edtez y su hijo Braian resultaron fallecidos en el lugar, en tanto que la nena de 8 a\u00f1os fue trasladada al hospital de Calchaqu\u00ed.<\/p>\n\n\n\n<p>En el lugar trabaj\u00f3 el personal de la AIC Departamento Cient\u00edfico Forense, m\u00e9dico y personal de bomberos zapadores de Vera.<\/p>\n\n\n\n<p>La mujer y sus hijos se trasladaban desde Santa Fe hacia Avellaneda, donde hab\u00edan viajado a un control a la peque\u00f1a que padece de leucemia. Finalmente, la ni\u00f1a fue derivada hacia el hospital de Reconquista con traumatismo de cr\u00e1neo leve y fuera de peligro.<\/p>\n","protected":false},"excerpt":{"rendered":"<p>Por el impacto entre un auto y un cami\u00f3n cisterna, perdieron la vida Silvana Ben\u00edtez de 34 a\u00f1os y su hijo de 10 a\u00f1os, mientras que una ni\u00f1a de 8 a\u00f1os result\u00f3&#46;&#46;&#46;<\/p>\n","protected":false},"author":1,"featured_media":17448,"comment_status":"closed","ping_status":"closed","sticky":false,"template":"","format":"standard","meta":[],"categories":[2,3,16,11],"tags":[],"_links":{"self":[{"href":"https:\/\/www.revistarescatados.com.ar\/web\/wp-json\/wp\/v2\/posts\/17447"}],"collection":[{"href":"https:\/\/www.revistarescatados.com.ar\/web\/wp-json\/wp\/v2\/posts"}],"about":[{"href":"https:\/\/www.revistarescatados.com.ar\/web\/wp-json\/wp\/v2\/types\/post"}],"author":[{"embeddable":true,"href":"https:\/\/www.revistarescatados.com.ar\/web\/wp-json\/wp\/v2\/users\/1"}],"replies":[{"embeddable":true,"href":"https:\/\/www.revistarescatados.com.ar\/web\/wp-json\/wp\/v2\/comments?post=17447"}],"version-history":[{"count":1,"href":"https:\/\/www.revistarescatados.com.ar\/web\/wp-json\/wp\/v2\/posts\/17447\/revisions"}],"predecessor-version":[{"id":17449,"href":"https:\/\/www.revistarescatados.com.ar\/web\/wp-json\/wp\/v2\/posts\/17447\/revisions\/17449"}],"wp:featuredmedia":[{"embeddable":true,"href":"https:\/\/www.revistarescatados.com.ar\/web\/wp-json\/wp\/v2\/media\/17448"}],"wp:attachment":[{"href":"https:\/\/www.revistarescatados.com.ar\/web\/wp-json\/wp\/v2\/media?parent=17447"}],"wp:term":[{"taxonomy":"category","embeddable":true,"href":"https:\/\/www.revistarescatados.com.ar\/web\/wp-json\/wp\/v2\/categories?post=17447"},{"taxonomy":"post_tag","embeddable":true,"href":"https:\/\/www.revistarescatados.com.ar\/web\/wp-json\/wp\/v2\/tags?post=17447"}],"curies":[{"name":"wp","href":"https:\/\/api.w.org\/{rel}","templated":true}]}}