{"id":175,"date":"2018-04-18T00:40:53","date_gmt":"2018-04-18T03:40:53","guid":{"rendered":"http:\/\/www.revistarescatados.com.ar\/web\/?p=175"},"modified":"2018-04-18T00:40:53","modified_gmt":"2018-04-18T03:40:53","slug":"el-gobierno-reformulo-su-propuesta-para-los-docentes-santafesinos","status":"publish","type":"post","link":"https:\/\/www.revistarescatados.com.ar\/web\/2018\/04\/18\/el-gobierno-reformulo-su-propuesta-para-los-docentes-santafesinos\/","title":{"rendered":"El Gobierno reformul\u00f3 su propuesta para los docentes santafesinos"},"content":{"rendered":"<p><img loading=\"lazy\" class=\"aligncenter size-full wp-image-176\" src=\"http:\/\/www.revistarescatados.com.ar\/web\/wp-content\/uploads\/2018\/04\/paritaria-docente.jpg\" alt=\"\" width=\"850\" height=\"560\" srcset=\"https:\/\/www.revistarescatados.com.ar\/web\/wp-content\/uploads\/2018\/04\/paritaria-docente.jpg 850w, https:\/\/www.revistarescatados.com.ar\/web\/wp-content\/uploads\/2018\/04\/paritaria-docente-300x198.jpg 300w, https:\/\/www.revistarescatados.com.ar\/web\/wp-content\/uploads\/2018\/04\/paritaria-docente-768x506.jpg 768w\" sizes=\"(max-width: 850px) 100vw, 850px\" \/><\/p>\n<p><strong><span style=\"color: #0000ff;\">Con relaci\u00f3n a la anterior propuesta, se adelanta la activaci\u00f3n de la cl\u00e1usula gatillo, se otorga una suma por material did\u00e1ctico y se modifican condiciones de concursos docentes<\/span>. <\/strong><\/p>\n<p>La ministra de Educaci\u00f3n, Claudia Balagu\u00e9, y el ministro de Trabajo y Seguridad Social, Julio Genesini, mantuvieron este martes una nueva reuni\u00f3n paritaria con representantes de los gremios docentes Amsafe, Sadop, UDA y Amet.<\/p>\n<p>\u201cHubo una reformulaci\u00f3n integral de la propuesta, encontramos algunas situaciones que reclamaban los gremios y que eran dignas de atender, como por ejemplo todo lo que hace a carrera docente, el concurso de nivel secundario y otros concursos docentes con nuevos cronogramas, y alguna diferencia en la oferta salarial entre catedr\u00e1ticos y directores de escuelas que hubo que reanalizar\u201d, comenz\u00f3 explicando Balagu\u00e9 luego del encuentro en la sede de la cartera laboral.<\/p>\n<p>La ministra tambi\u00e9n mencion\u00f3 el adelanto de cl\u00e1usula de ajuste autom\u00e1tico, que podr\u00eda comenzar a operar entre los dos aumentos salariales del a\u00f1o corriente, y el otorgamiento de una asignaci\u00f3n de material did\u00e1ctico mensual, por cargo y retroactivo a enero.<\/p>\n<p>\u201cA partir de los nuevos \u00edndices inflacionarios reconocidos por todos los economistas del pa\u00eds, ha habido un cambio de escenario, dado que no hubo un control de la inflaci\u00f3n por parte del Gobierno nacional. Por eso mismo, entre el primero y segundo aumento va a haber un an\u00e1lisis de esa cla\u00fasula y, si es necesario, una recomposici\u00f3n salarial\u201d, dijo Balagu\u00e9, al asegurar que \u201cno queremos que nuestros docentes pierdan contra la inflaci\u00f3n\u201d.<\/p>\n<p>Asimismo, aclar\u00f3 que el monto del Fondo Nacional de Incentivo Docente (Fonid) \u201cha quedado congelado\u201d desde el gobierno nacional, por lo que \u201cen un nuevo esfuerzo del gobierno provincial, se recompone esta situaci\u00f3n a trav\u00e9s del material did\u00e1ctico\u201d que\u00a0 busca garantizar que el docente \u201ctenga una mayor suma en el bolsillo\u201d.<\/p>\n<p>Por \u00faltimo, se incluy\u00f3 en la agenda paritaria la incorporaci\u00f3n de los docentes de coros y orquestas del Bicentenario al sistema educativo provincial.<\/p>\n","protected":false},"excerpt":{"rendered":"<p>Con relaci\u00f3n a la anterior propuesta, se adelanta la activaci\u00f3n de la cl\u00e1usula gatillo, se otorga una suma por material did\u00e1ctico y se modifican condiciones de concursos docentes. La ministra de Educaci\u00f3n,&#46;&#46;&#46;<\/p>\n","protected":false},"author":1,"featured_media":176,"comment_status":"open","ping_status":"open","sticky":false,"template":"","format":"standard","meta":[],"categories":[15,12],"tags":[],"_links":{"self":[{"href":"https:\/\/www.revistarescatados.com.ar\/web\/wp-json\/wp\/v2\/posts\/175"}],"collection":[{"href":"https:\/\/www.revistarescatados.com.ar\/web\/wp-json\/wp\/v2\/posts"}],"about":[{"href":"https:\/\/www.revistarescatados.com.ar\/web\/wp-json\/wp\/v2\/types\/post"}],"author":[{"embeddable":true,"href":"https:\/\/www.revistarescatados.com.ar\/web\/wp-json\/wp\/v2\/users\/1"}],"replies":[{"embeddable":true,"href":"https:\/\/www.revistarescatados.com.ar\/web\/wp-json\/wp\/v2\/comments?post=175"}],"version-history":[{"count":1,"href":"https:\/\/www.revistarescatados.com.ar\/web\/wp-json\/wp\/v2\/posts\/175\/revisions"}],"predecessor-version":[{"id":177,"href":"https:\/\/www.revistarescatados.com.ar\/web\/wp-json\/wp\/v2\/posts\/175\/revisions\/177"}],"wp:featuredmedia":[{"embeddable":true,"href":"https:\/\/www.revistarescatados.com.ar\/web\/wp-json\/wp\/v2\/media\/176"}],"wp:attachment":[{"href":"https:\/\/www.revistarescatados.com.ar\/web\/wp-json\/wp\/v2\/media?parent=175"}],"wp:term":[{"taxonomy":"category","embeddable":true,"href":"https:\/\/www.revistarescatados.com.ar\/web\/wp-json\/wp\/v2\/categories?post=175"},{"taxonomy":"post_tag","embeddable":true,"href":"https:\/\/www.revistarescatados.com.ar\/web\/wp-json\/wp\/v2\/tags?post=175"}],"curies":[{"name":"wp","href":"https:\/\/api.w.org\/{rel}","templated":true}]}}