{"id":17500,"date":"2022-06-16T00:41:05","date_gmt":"2022-06-16T03:41:05","guid":{"rendered":"https:\/\/www.revistarescatados.com.ar\/web\/?p=17500"},"modified":"2022-06-16T00:41:09","modified_gmt":"2022-06-16T03:41:09","slug":"equipo-local-de-prevencion-de-consumos-problematicos-y-adicciones-en-calchaqui","status":"publish","type":"post","link":"https:\/\/www.revistarescatados.com.ar\/web\/2022\/06\/16\/equipo-local-de-prevencion-de-consumos-problematicos-y-adicciones-en-calchaqui\/","title":{"rendered":"Equipo Local de Prevenci\u00f3n de Consumos Problem\u00e1ticos y Adicciones  en Calchaqu\u00ed"},"content":{"rendered":"\n<p><strong><span class=\"has-inline-color has-vivid-red-color\">Este equipo interdisciplinario depende de la Secretar\u00eda de Desarrollo Social Municipal y est\u00e1 integrado por dos trabajadoras sociales y una psic\u00f3loga.<\/span><\/strong><\/p>\n\n\n\n<figure class=\"wp-block-image size-large\"><img loading=\"lazy\" width=\"1024\" height=\"1024\" src=\"https:\/\/www.revistarescatados.com.ar\/web\/wp-content\/uploads\/2022\/06\/Consumos-problematicos-1024x1024.jpg\" alt=\"\" class=\"wp-image-17501\" srcset=\"https:\/\/www.revistarescatados.com.ar\/web\/wp-content\/uploads\/2022\/06\/Consumos-problematicos-1024x1024.jpg 1024w, https:\/\/www.revistarescatados.com.ar\/web\/wp-content\/uploads\/2022\/06\/Consumos-problematicos-300x300.jpg 300w, https:\/\/www.revistarescatados.com.ar\/web\/wp-content\/uploads\/2022\/06\/Consumos-problematicos-150x150.jpg 150w, https:\/\/www.revistarescatados.com.ar\/web\/wp-content\/uploads\/2022\/06\/Consumos-problematicos-768x768.jpg 768w, https:\/\/www.revistarescatados.com.ar\/web\/wp-content\/uploads\/2022\/06\/Consumos-problematicos-80x80.jpg 80w, https:\/\/www.revistarescatados.com.ar\/web\/wp-content\/uploads\/2022\/06\/Consumos-problematicos-320x320.jpg 320w, https:\/\/www.revistarescatados.com.ar\/web\/wp-content\/uploads\/2022\/06\/Consumos-problematicos.jpg 1080w\" sizes=\"(max-width: 1024px) 100vw, 1024px\" \/><\/figure>\n\n\n\n<p><br>Su objetivo es brindar atenci\u00f3n y asesoramiento a personas atravesadas por problem\u00e1ticas de consumo y adicciones, as\u00ed como tambi\u00e9n a su red socioafectiva.<\/p>\n\n\n\n<p><br>El equipo cuenta con esta l\u00ednea de contacto: <strong>3483 446829.<\/strong><\/p>\n","protected":false},"excerpt":{"rendered":"<p>Este equipo interdisciplinario depende de la Secretar\u00eda de Desarrollo Social Municipal y est\u00e1 integrado por dos trabajadoras sociales y una psic\u00f3loga. Su objetivo es brindar atenci\u00f3n y asesoramiento a personas atravesadas por&#46;&#46;&#46;<\/p>\n","protected":false},"author":1,"featured_media":17501,"comment_status":"closed","ping_status":"closed","sticky":false,"template":"","format":"standard","meta":[],"categories":[2,3,16,9,8],"tags":[],"_links":{"self":[{"href":"https:\/\/www.revistarescatados.com.ar\/web\/wp-json\/wp\/v2\/posts\/17500"}],"collection":[{"href":"https:\/\/www.revistarescatados.com.ar\/web\/wp-json\/wp\/v2\/posts"}],"about":[{"href":"https:\/\/www.revistarescatados.com.ar\/web\/wp-json\/wp\/v2\/types\/post"}],"author":[{"embeddable":true,"href":"https:\/\/www.revistarescatados.com.ar\/web\/wp-json\/wp\/v2\/users\/1"}],"replies":[{"embeddable":true,"href":"https:\/\/www.revistarescatados.com.ar\/web\/wp-json\/wp\/v2\/comments?post=17500"}],"version-history":[{"count":1,"href":"https:\/\/www.revistarescatados.com.ar\/web\/wp-json\/wp\/v2\/posts\/17500\/revisions"}],"predecessor-version":[{"id":17502,"href":"https:\/\/www.revistarescatados.com.ar\/web\/wp-json\/wp\/v2\/posts\/17500\/revisions\/17502"}],"wp:featuredmedia":[{"embeddable":true,"href":"https:\/\/www.revistarescatados.com.ar\/web\/wp-json\/wp\/v2\/media\/17501"}],"wp:attachment":[{"href":"https:\/\/www.revistarescatados.com.ar\/web\/wp-json\/wp\/v2\/media?parent=17500"}],"wp:term":[{"taxonomy":"category","embeddable":true,"href":"https:\/\/www.revistarescatados.com.ar\/web\/wp-json\/wp\/v2\/categories?post=17500"},{"taxonomy":"post_tag","embeddable":true,"href":"https:\/\/www.revistarescatados.com.ar\/web\/wp-json\/wp\/v2\/tags?post=17500"}],"curies":[{"name":"wp","href":"https:\/\/api.w.org\/{rel}","templated":true}]}}